{"id":992,"date":"2020-12-22T12:11:52","date_gmt":"2020-12-22T11:11:52","guid":{"rendered":"http:\/\/radioluna.iesalbarregas.com\/?p=992"},"modified":"2020-12-22T12:15:27","modified_gmt":"2020-12-22T11:15:27","slug":"concurso-de-bandas-sonoras-de-peliculas","status":"publish","type":"post","link":"http:\/\/radioluna.iesalbarregas.com\/?p=992","title":{"rendered":"CONCURSO DE BANDAS SONORAS DE PEL\u00cdCULAS."},"content":{"rendered":"\n<p>Tres alumnos de 2\u00ba Bachillerato E, Judith Rueda del Ca\u00f1o, Laura Cordero Cintora y Ram\u00f3n Garc\u00eda Luna nos han preparado una playlist para que adivin\u00e9is las pel\u00edculas de las bandas sonoras que vais a escuchar.<\/p>\n\n\n\n<p>Habr\u00e1 dos entradas de cine para regalar a quien tenga los 10 aciertos.<\/p>\n\n\n\n<p>Para participar en el concurso rellenad el formulario que pod\u00e9is encontrar haciendo click en el siguiente enlace:<\/p>\n\n\n\n<p><a href=\"https:\/\/docs.google.com\/forms\/d\/1c7Es0C6L1-PXEB6cWn71HQmbgNhn_ERLoeJOsLXHkaA\/viewform?edit_requested=true\">https:\/\/docs.google.com\/forms\/d\/1c7Es0C6L1-PXEB6cWn71HQmbgNhn_ERLoeJOsLXHkaA\/viewform?edit_requested=true<\/a><\/p>\n\n\n\n<p>Esperemos que os guste.<\/p>\n\n\n\n<p>Desde RADIO LUNA os deseamos FELICES FIESTAS.<\/p>\n\n\n\n<figure class=\"wp-block-audio\"><audio controls src=\"http:\/\/radioluna.iesalbarregas.com\/wp-content\/uploads\/2020\/12\/cine-con-musica-definitivo.mp3\"><\/audio><\/figure>\n\n\n\n<figure class=\"wp-block-image size-large\"><a href=\"http:\/\/radioluna.iesalbarregas.com\/wp-content\/uploads\/2020\/12\/bso.jpeg\"><img loading=\"lazy\" width=\"304\" height=\"166\" src=\"http:\/\/radioluna.iesalbarregas.com\/wp-content\/uploads\/2020\/12\/bso.jpeg\" alt=\"\" class=\"wp-image-993\" srcset=\"http:\/\/radioluna.iesalbarregas.com\/wp-content\/uploads\/2020\/12\/bso.jpeg 304w, http:\/\/radioluna.iesalbarregas.com\/wp-content\/uploads\/2020\/12\/bso-300x164.jpeg 300w\" sizes=\"(max-width: 304px) 100vw, 304px\" \/><\/a><\/figure>\n","protected":false},"excerpt":{"rendered":"<p>Tres alumnos de 2\u00ba Bachillerato E, Judith Rueda del Ca\u00f1o, Laura Cordero Cintora y Ram\u00f3n Garc\u00eda Luna nos han preparado una playlist para que adivin\u00e9is las pel\u00edculas de las bandas sonoras que vais a escuchar. Habr\u00e1 dos entradas de cine &hellip; <a href=\"http:\/\/radioluna.iesalbarregas.com\/?p=992\">Sigue leyendo <span class=\"meta-nav\">&rarr;<\/span><\/a><\/p>\n","protected":false},"author":2,"featured_media":0,"comment_status":"closed","ping_status":"closed","sticky":false,"template":"","format":"standard","meta":[],"categories":[9],"tags":[61],"_links":{"self":[{"href":"http:\/\/radioluna.iesalbarregas.com\/index.php?rest_route=\/wp\/v2\/posts\/992"}],"collection":[{"href":"http:\/\/radioluna.iesalbarregas.com\/index.php?rest_route=\/wp\/v2\/posts"}],"about":[{"href":"http:\/\/radioluna.iesalbarregas.com\/index.php?rest_route=\/wp\/v2\/types\/post"}],"author":[{"embeddable":true,"href":"http:\/\/radioluna.iesalbarregas.com\/index.php?rest_route=\/wp\/v2\/users\/2"}],"replies":[{"embeddable":true,"href":"http:\/\/radioluna.iesalbarregas.com\/index.php?rest_route=%2Fwp%2Fv2%2Fcomments&post=992"}],"version-history":[{"count":3,"href":"http:\/\/radioluna.iesalbarregas.com\/index.php?rest_route=\/wp\/v2\/posts\/992\/revisions"}],"predecessor-version":[{"id":998,"href":"http:\/\/radioluna.iesalbarregas.com\/index.php?rest_route=\/wp\/v2\/posts\/992\/revisions\/998"}],"wp:attachment":[{"href":"http:\/\/radioluna.iesalbarregas.com\/index.php?rest_route=%2Fwp%2Fv2%2Fmedia&parent=992"}],"wp:term":[{"taxonomy":"category","embeddable":true,"href":"http:\/\/radioluna.iesalbarregas.com\/index.php?rest_route=%2Fwp%2Fv2%2Fcategories&post=992"},{"taxonomy":"post_tag","embeddable":true,"href":"http:\/\/radioluna.iesalbarregas.com\/index.php?rest_route=%2Fwp%2Fv2%2Ftags&post=992"}],"curies":[{"name":"wp","href":"https:\/\/api.w.org\/{rel}","templated":true}]}}