{"id":979,"date":"2020-12-20T20:35:34","date_gmt":"2020-12-20T19:35:34","guid":{"rendered":"http:\/\/radioluna.iesalbarregas.com\/?p=979"},"modified":"2020-12-21T13:45:56","modified_gmt":"2020-12-21T12:45:56","slug":"especial-covid19","status":"publish","type":"post","link":"http:\/\/radioluna.iesalbarregas.com\/?p=979","title":{"rendered":"Especial Covid19"},"content":{"rendered":"\n<p>Aunque ha costado, por las medidas que hay que guardar para ir entrevistando a profes, alumnos, etc, vamos retomando el vuelo en RadioLuna TV. Como era de esperar, nuestro primer informativo va sobre el virus&#8230; y c\u00f3mo nos est\u00e1 afectando en nuestro d\u00eda a d\u00eda.<\/p>\n\n\n\n<figure class=\"wp-block-embed is-type-video is-provider-youtube wp-block-embed-youtube wp-embed-aspect-16-9 wp-has-aspect-ratio\"><div class=\"wp-block-embed__wrapper\">\n<iframe loading=\"lazy\" title=\"RadioLuna Especial Covid19\" width=\"584\" height=\"329\" src=\"https:\/\/www.youtube.com\/embed\/AHoChAI4EjE?feature=oembed\" frameborder=\"0\" allow=\"accelerometer; autoplay; clipboard-write; encrypted-media; gyroscope; picture-in-picture\" allowfullscreen><\/iframe>\n<\/div><\/figure>\n","protected":false},"excerpt":{"rendered":"<p>Aunque ha costado, por las medidas que hay que guardar para ir entrevistando a profes, alumnos, etc, vamos retomando el vuelo en RadioLuna TV. Como era de esperar, nuestro primer informativo va sobre el virus&#8230; y c\u00f3mo nos est\u00e1 afectando &hellip; <a href=\"http:\/\/radioluna.iesalbarregas.com\/?p=979\">Sigue leyendo <span class=\"meta-nav\">&rarr;<\/span><\/a><\/p>\n","protected":false},"author":1,"featured_media":0,"comment_status":"closed","ping_status":"closed","sticky":false,"template":"","format":"standard","meta":[],"categories":[44],"tags":[50,67,71],"_links":{"self":[{"href":"http:\/\/radioluna.iesalbarregas.com\/index.php?rest_route=\/wp\/v2\/posts\/979"}],"collection":[{"href":"http:\/\/radioluna.iesalbarregas.com\/index.php?rest_route=\/wp\/v2\/posts"}],"about":[{"href":"http:\/\/radioluna.iesalbarregas.com\/index.php?rest_route=\/wp\/v2\/types\/post"}],"author":[{"embeddable":true,"href":"http:\/\/radioluna.iesalbarregas.com\/index.php?rest_route=\/wp\/v2\/users\/1"}],"replies":[{"embeddable":true,"href":"http:\/\/radioluna.iesalbarregas.com\/index.php?rest_route=%2Fwp%2Fv2%2Fcomments&post=979"}],"version-history":[{"count":5,"href":"http:\/\/radioluna.iesalbarregas.com\/index.php?rest_route=\/wp\/v2\/posts\/979\/revisions"}],"predecessor-version":[{"id":984,"href":"http:\/\/radioluna.iesalbarregas.com\/index.php?rest_route=\/wp\/v2\/posts\/979\/revisions\/984"}],"wp:attachment":[{"href":"http:\/\/radioluna.iesalbarregas.com\/index.php?rest_route=%2Fwp%2Fv2%2Fmedia&parent=979"}],"wp:term":[{"taxonomy":"category","embeddable":true,"href":"http:\/\/radioluna.iesalbarregas.com\/index.php?rest_route=%2Fwp%2Fv2%2Fcategories&post=979"},{"taxonomy":"post_tag","embeddable":true,"href":"http:\/\/radioluna.iesalbarregas.com\/index.php?rest_route=%2Fwp%2Fv2%2Ftags&post=979"}],"curies":[{"name":"wp","href":"https:\/\/api.w.org\/{rel}","templated":true}]}}