{"id":971,"date":"2020-12-20T19:45:28","date_gmt":"2020-12-20T18:45:28","guid":{"rendered":"http:\/\/radioluna.iesalbarregas.com\/?p=971"},"modified":"2020-12-20T19:46:04","modified_gmt":"2020-12-20T18:46:04","slug":"la-expansion-musulmana-parte-ii","status":"publish","type":"post","link":"http:\/\/radioluna.iesalbarregas.com\/?p=971","title":{"rendered":"La Expansi\u00f3n Musulmana. Parte II."},"content":{"rendered":"\n<p>Os traemos una nueva entrega de Viaje al Pasado en la que Lidia Ayuso, de 2\u00ba ESO A, nos cuenta m\u00e1s acerca de la expansi\u00f3n musulmana en la Pen\u00ednsula Ib\u00e9rica. Esta actividad se engloba dentro de la clase de Historia, impartida en este curso por la profesora Lola S\u00e1nchez. Lidia ha grabado y editado este podcast en su casa y este es el resultado. Esperamos que os guste.<\/p>\n\n\n\n<figure class=\"wp-block-audio\"><audio controls src=\"http:\/\/radioluna.iesalbarregas.com\/wp-content\/uploads\/2020\/12\/Podcast-Musulmanes-programa-\u00fanico.mp3\"><\/audio><\/figure>\n\n\n\n<figure class=\"wp-block-gallery columns-2 is-cropped\"><ul class=\"blocks-gallery-grid\"><li class=\"blocks-gallery-item\"><figure><img loading=\"lazy\" width=\"768\" height=\"1024\" src=\"http:\/\/radioluna.iesalbarregas.com\/wp-content\/uploads\/2020\/12\/Lidia-1-768x1024.jpg\" alt=\"\" data-id=\"973\" data-link=\"http:\/\/radioluna.iesalbarregas.com\/?attachment_id=973\" class=\"wp-image-973\" srcset=\"http:\/\/radioluna.iesalbarregas.com\/wp-content\/uploads\/2020\/12\/Lidia-1-768x1024.jpg 768w, http:\/\/radioluna.iesalbarregas.com\/wp-content\/uploads\/2020\/12\/Lidia-1-225x300.jpg 225w, http:\/\/radioluna.iesalbarregas.com\/wp-content\/uploads\/2020\/12\/Lidia-1-1152x1536.jpg 1152w, http:\/\/radioluna.iesalbarregas.com\/wp-content\/uploads\/2020\/12\/Lidia-1.jpg 1200w\" sizes=\"(max-width: 768px) 100vw, 768px\" \/><\/figure><\/li><li class=\"blocks-gallery-item\"><figure><img loading=\"lazy\" width=\"768\" height=\"1024\" src=\"http:\/\/radioluna.iesalbarregas.com\/wp-content\/uploads\/2020\/12\/Lidia-2-768x1024.jpg\" alt=\"\" data-id=\"974\" data-full-url=\"http:\/\/radioluna.iesalbarregas.com\/wp-content\/uploads\/2020\/12\/Lidia-2.jpg\" data-link=\"http:\/\/radioluna.iesalbarregas.com\/?attachment_id=974\" class=\"wp-image-974\" srcset=\"http:\/\/radioluna.iesalbarregas.com\/wp-content\/uploads\/2020\/12\/Lidia-2-768x1024.jpg 768w, http:\/\/radioluna.iesalbarregas.com\/wp-content\/uploads\/2020\/12\/Lidia-2-225x300.jpg 225w, http:\/\/radioluna.iesalbarregas.com\/wp-content\/uploads\/2020\/12\/Lidia-2-1152x1536.jpg 1152w, http:\/\/radioluna.iesalbarregas.com\/wp-content\/uploads\/2020\/12\/Lidia-2.jpg 1200w\" sizes=\"(max-width: 768px) 100vw, 768px\" \/><\/figure><\/li><\/ul><figcaption class=\"blocks-gallery-caption\">Lidia durante el proceso de edici\u00f3n de su podcast.<\/figcaption><\/figure>\n","protected":false},"excerpt":{"rendered":"<p>Os traemos una nueva entrega de Viaje al Pasado en la que Lidia Ayuso, de 2\u00ba ESO A, nos cuenta m\u00e1s acerca de la expansi\u00f3n musulmana en la Pen\u00ednsula Ib\u00e9rica. Esta actividad se engloba dentro de la clase de Historia, &hellip; <a href=\"http:\/\/radioluna.iesalbarregas.com\/?p=971\">Sigue leyendo <span class=\"meta-nav\">&rarr;<\/span><\/a><\/p>\n","protected":false},"author":2,"featured_media":0,"comment_status":"closed","ping_status":"closed","sticky":false,"template":"","format":"standard","meta":[],"categories":[9,60],"tags":[68],"_links":{"self":[{"href":"http:\/\/radioluna.iesalbarregas.com\/index.php?rest_route=\/wp\/v2\/posts\/971"}],"collection":[{"href":"http:\/\/radioluna.iesalbarregas.com\/index.php?rest_route=\/wp\/v2\/posts"}],"about":[{"href":"http:\/\/radioluna.iesalbarregas.com\/index.php?rest_route=\/wp\/v2\/types\/post"}],"author":[{"embeddable":true,"href":"http:\/\/radioluna.iesalbarregas.com\/index.php?rest_route=\/wp\/v2\/users\/2"}],"replies":[{"embeddable":true,"href":"http:\/\/radioluna.iesalbarregas.com\/index.php?rest_route=%2Fwp%2Fv2%2Fcomments&post=971"}],"version-history":[{"count":2,"href":"http:\/\/radioluna.iesalbarregas.com\/index.php?rest_route=\/wp\/v2\/posts\/971\/revisions"}],"predecessor-version":[{"id":976,"href":"http:\/\/radioluna.iesalbarregas.com\/index.php?rest_route=\/wp\/v2\/posts\/971\/revisions\/976"}],"wp:attachment":[{"href":"http:\/\/radioluna.iesalbarregas.com\/index.php?rest_route=%2Fwp%2Fv2%2Fmedia&parent=971"}],"wp:term":[{"taxonomy":"category","embeddable":true,"href":"http:\/\/radioluna.iesalbarregas.com\/index.php?rest_route=%2Fwp%2Fv2%2Fcategories&post=971"},{"taxonomy":"post_tag","embeddable":true,"href":"http:\/\/radioluna.iesalbarregas.com\/index.php?rest_route=%2Fwp%2Fv2%2Ftags&post=971"}],"curies":[{"name":"wp","href":"https:\/\/api.w.org\/{rel}","templated":true}]}}