{"id":964,"date":"2020-12-18T09:33:10","date_gmt":"2020-12-18T08:33:10","guid":{"rendered":"http:\/\/radioluna.iesalbarregas.com\/?p=964"},"modified":"2020-12-20T19:46:18","modified_gmt":"2020-12-20T18:46:18","slug":"la-expansion-musulmana-parte-i","status":"publish","type":"post","link":"http:\/\/radioluna.iesalbarregas.com\/?p=964","title":{"rendered":"La Expansi\u00f3n Musulmana. Parte I."},"content":{"rendered":"\n<p>Tomad asiendto y preparaos para un nuevo viaje al pasado de la mano de nuestros alumnos de 2\u00ba ESO A nos dan a conocer c\u00f3mo surge el Islam, su expansi\u00f3n, su llegada a la Pen\u00ednsula Ib\u00e9rica para centrarnos en la historia del Islam en Extremadura, podr\u00e9is descubrir, c\u00f3mo llegan a nuestras tierras, la cultura, sociedad, arte y restos arqueol\u00f3gicos que hoy en d\u00eda tenemos a\u00fan vigentes en Extremadura. Este trabajo ha sido realizado por: David Mota, Luc\u00eda Gil, Lidia Ayuso, Andreea Mar\u00eda Balanescu, Marta Bazaga, Abril Delgado, Fabi\u00e1n D\u00edaz y Carmen Barrantes quienes han grabado y editado sus propias grabaciones.<\/p>\n\n\n\n<p><\/p>\n\n\n\n<figure class=\"wp-block-audio\"><audio controls src=\"http:\/\/radioluna.iesalbarregas.com\/wp-content\/uploads\/2020\/12\/Podcast-1-Musulmanes.mp3\"><\/audio><\/figure>\n\n\n\n<figure class=\"wp-block-gallery columns-2 is-cropped\"><ul class=\"blocks-gallery-grid\"><li class=\"blocks-gallery-item\"><figure><img loading=\"lazy\" width=\"1024\" height=\"768\" src=\"http:\/\/radioluna.iesalbarregas.com\/wp-content\/uploads\/2020\/12\/Alcazaba-1024x768.jpg\" alt=\"\" data-id=\"966\" data-link=\"http:\/\/radioluna.iesalbarregas.com\/?attachment_id=966\" class=\"wp-image-966\" srcset=\"http:\/\/radioluna.iesalbarregas.com\/wp-content\/uploads\/2020\/12\/Alcazaba-1024x768.jpg 1024w, http:\/\/radioluna.iesalbarregas.com\/wp-content\/uploads\/2020\/12\/Alcazaba-300x225.jpg 300w, http:\/\/radioluna.iesalbarregas.com\/wp-content\/uploads\/2020\/12\/Alcazaba-768x576.jpg 768w, http:\/\/radioluna.iesalbarregas.com\/wp-content\/uploads\/2020\/12\/Alcazaba-1536x1152.jpg 1536w, http:\/\/radioluna.iesalbarregas.com\/wp-content\/uploads\/2020\/12\/Alcazaba-2048x1536.jpg 2048w, http:\/\/radioluna.iesalbarregas.com\/wp-content\/uploads\/2020\/12\/Alcazaba-400x300.jpg 400w\" sizes=\"(max-width: 1024px) 100vw, 1024px\" \/><\/figure><\/li><li class=\"blocks-gallery-item\"><figure><img loading=\"lazy\" width=\"1024\" height=\"768\" src=\"http:\/\/radioluna.iesalbarregas.com\/wp-content\/uploads\/2020\/12\/Clase-Historia-1-1024x768.jpg\" alt=\"\" data-id=\"967\" data-full-url=\"http:\/\/radioluna.iesalbarregas.com\/wp-content\/uploads\/2020\/12\/Clase-Historia-1.jpg\" data-link=\"http:\/\/radioluna.iesalbarregas.com\/?attachment_id=967\" class=\"wp-image-967\" srcset=\"http:\/\/radioluna.iesalbarregas.com\/wp-content\/uploads\/2020\/12\/Clase-Historia-1-1024x768.jpg 1024w, http:\/\/radioluna.iesalbarregas.com\/wp-content\/uploads\/2020\/12\/Clase-Historia-1-300x225.jpg 300w, http:\/\/radioluna.iesalbarregas.com\/wp-content\/uploads\/2020\/12\/Clase-Historia-1-768x576.jpg 768w, http:\/\/radioluna.iesalbarregas.com\/wp-content\/uploads\/2020\/12\/Clase-Historia-1-1536x1152.jpg 1536w, http:\/\/radioluna.iesalbarregas.com\/wp-content\/uploads\/2020\/12\/Clase-Historia-1-400x300.jpg 400w, http:\/\/radioluna.iesalbarregas.com\/wp-content\/uploads\/2020\/12\/Clase-Historia-1.jpg 1600w\" sizes=\"(max-width: 1024px) 100vw, 1024px\" \/><\/figure><\/li><\/ul><figcaption class=\"blocks-gallery-caption\">A la dcha. la Alcazaba \u00e1rabe de M\u00e9rida. A la izda. los alumnos de 2\u00baA durante una clase de Historia.<\/figcaption><\/figure>\n","protected":false},"excerpt":{"rendered":"<p>Tomad asiendto y preparaos para un nuevo viaje al pasado de la mano de nuestros alumnos de 2\u00ba ESO A nos dan a conocer c\u00f3mo surge el Islam, su expansi\u00f3n, su llegada a la Pen\u00ednsula Ib\u00e9rica para centrarnos en la &hellip; <a href=\"http:\/\/radioluna.iesalbarregas.com\/?p=964\">Sigue leyendo <span class=\"meta-nav\">&rarr;<\/span><\/a><\/p>\n","protected":false},"author":2,"featured_media":0,"comment_status":"closed","ping_status":"closed","sticky":false,"template":"","format":"standard","meta":[],"categories":[9,60],"tags":[68],"_links":{"self":[{"href":"http:\/\/radioluna.iesalbarregas.com\/index.php?rest_route=\/wp\/v2\/posts\/964"}],"collection":[{"href":"http:\/\/radioluna.iesalbarregas.com\/index.php?rest_route=\/wp\/v2\/posts"}],"about":[{"href":"http:\/\/radioluna.iesalbarregas.com\/index.php?rest_route=\/wp\/v2\/types\/post"}],"author":[{"embeddable":true,"href":"http:\/\/radioluna.iesalbarregas.com\/index.php?rest_route=\/wp\/v2\/users\/2"}],"replies":[{"embeddable":true,"href":"http:\/\/radioluna.iesalbarregas.com\/index.php?rest_route=%2Fwp%2Fv2%2Fcomments&post=964"}],"version-history":[{"count":3,"href":"http:\/\/radioluna.iesalbarregas.com\/index.php?rest_route=\/wp\/v2\/posts\/964\/revisions"}],"predecessor-version":[{"id":977,"href":"http:\/\/radioluna.iesalbarregas.com\/index.php?rest_route=\/wp\/v2\/posts\/964\/revisions\/977"}],"wp:attachment":[{"href":"http:\/\/radioluna.iesalbarregas.com\/index.php?rest_route=%2Fwp%2Fv2%2Fmedia&parent=964"}],"wp:term":[{"taxonomy":"category","embeddable":true,"href":"http:\/\/radioluna.iesalbarregas.com\/index.php?rest_route=%2Fwp%2Fv2%2Fcategories&post=964"},{"taxonomy":"post_tag","embeddable":true,"href":"http:\/\/radioluna.iesalbarregas.com\/index.php?rest_route=%2Fwp%2Fv2%2Ftags&post=964"}],"curies":[{"name":"wp","href":"https:\/\/api.w.org\/{rel}","templated":true}]}}