{"id":957,"date":"2020-12-16T18:49:34","date_gmt":"2020-12-16T17:49:34","guid":{"rendered":"http:\/\/radioluna.iesalbarregas.com\/?p=957"},"modified":"2020-12-18T09:10:17","modified_gmt":"2020-12-18T08:10:17","slug":"quienes-fueron-los-visigodos","status":"publish","type":"post","link":"http:\/\/radioluna.iesalbarregas.com\/?p=957","title":{"rendered":"\u00bfQui\u00e9nes fueron los Visigodos?"},"content":{"rendered":"\n<p>Seguimos con este peculiar viaje al pasado de la mano de los alumnos de 2\u00ba ESO A. Con este trabajo radiof\u00f3nico vais a descubrir el paso de los Visigodos por Espa\u00f1a y Extremadura, as\u00ed como, el arte y yacimientos Visigodos en Extremadura. Los alumnos encargados de elaborar esta historia han sido Luc\u00eda Rubio, Marcos Rubio, Ricardo P\u00e9rez y Juan Vicente Puente quienes han realizado y editado sus propias grabaciones. Tomad asiento y acompa\u00f1adnos en un nuevo viaje al pasado.<\/p>\n\n\n\n<figure class=\"wp-block-audio\"><audio controls src=\"http:\/\/radioluna.iesalbarregas.com\/wp-content\/uploads\/2020\/12\/Podcast-Visigodos.mp3\"><\/audio><\/figure>\n\n\n\n<figure class=\"wp-block-gallery columns-2 is-cropped\"><ul class=\"blocks-gallery-grid\"><li class=\"blocks-gallery-item\"><figure><img loading=\"lazy\" width=\"275\" height=\"183\" src=\"http:\/\/radioluna.iesalbarregas.com\/wp-content\/uploads\/2020\/12\/Trampal-1.jpg\" alt=\"\" data-id=\"960\" data-link=\"http:\/\/radioluna.iesalbarregas.com\/?attachment_id=960\" class=\"wp-image-960\"\/><\/figure><\/li><li class=\"blocks-gallery-item\"><figure><img loading=\"lazy\" width=\"1024\" height=\"768\" src=\"http:\/\/radioluna.iesalbarregas.com\/wp-content\/uploads\/2020\/12\/IMG-20201211-WA0022-1024x768.jpg\" alt=\"\" data-id=\"961\" data-full-url=\"http:\/\/radioluna.iesalbarregas.com\/wp-content\/uploads\/2020\/12\/IMG-20201211-WA0022.jpg\" data-link=\"http:\/\/radioluna.iesalbarregas.com\/?attachment_id=961\" class=\"wp-image-961\" srcset=\"http:\/\/radioluna.iesalbarregas.com\/wp-content\/uploads\/2020\/12\/IMG-20201211-WA0022-1024x768.jpg 1024w, http:\/\/radioluna.iesalbarregas.com\/wp-content\/uploads\/2020\/12\/IMG-20201211-WA0022-300x225.jpg 300w, http:\/\/radioluna.iesalbarregas.com\/wp-content\/uploads\/2020\/12\/IMG-20201211-WA0022-768x576.jpg 768w, http:\/\/radioluna.iesalbarregas.com\/wp-content\/uploads\/2020\/12\/IMG-20201211-WA0022-1536x1152.jpg 1536w, http:\/\/radioluna.iesalbarregas.com\/wp-content\/uploads\/2020\/12\/IMG-20201211-WA0022-400x300.jpg 400w, http:\/\/radioluna.iesalbarregas.com\/wp-content\/uploads\/2020\/12\/IMG-20201211-WA0022.jpg 1600w\" sizes=\"(max-width: 1024px) 100vw, 1024px\" \/><\/figure><\/li><\/ul><figcaption class=\"blocks-gallery-caption\">A la izda. la Bas\u00edcila Visigoda de Santa Luc\u00eda del Trampal en Alcu\u00e9scar (CC). A la dcha. una clase de H\u00aa de 2\u00baESO A.<\/figcaption><\/figure>\n\n\n\n<p><\/p>\n","protected":false},"excerpt":{"rendered":"<p>Seguimos con este peculiar viaje al pasado de la mano de los alumnos de 2\u00ba ESO A. Con este trabajo radiof\u00f3nico vais a descubrir el paso de los Visigodos por Espa\u00f1a y Extremadura, as\u00ed como, el arte y yacimientos Visigodos &hellip; <a href=\"http:\/\/radioluna.iesalbarregas.com\/?p=957\">Sigue leyendo <span class=\"meta-nav\">&rarr;<\/span><\/a><\/p>\n","protected":false},"author":2,"featured_media":0,"comment_status":"closed","ping_status":"closed","sticky":false,"template":"","format":"standard","meta":[],"categories":[9,60],"tags":[68],"_links":{"self":[{"href":"http:\/\/radioluna.iesalbarregas.com\/index.php?rest_route=\/wp\/v2\/posts\/957"}],"collection":[{"href":"http:\/\/radioluna.iesalbarregas.com\/index.php?rest_route=\/wp\/v2\/posts"}],"about":[{"href":"http:\/\/radioluna.iesalbarregas.com\/index.php?rest_route=\/wp\/v2\/types\/post"}],"author":[{"embeddable":true,"href":"http:\/\/radioluna.iesalbarregas.com\/index.php?rest_route=\/wp\/v2\/users\/2"}],"replies":[{"embeddable":true,"href":"http:\/\/radioluna.iesalbarregas.com\/index.php?rest_route=%2Fwp%2Fv2%2Fcomments&post=957"}],"version-history":[{"count":2,"href":"http:\/\/radioluna.iesalbarregas.com\/index.php?rest_route=\/wp\/v2\/posts\/957\/revisions"}],"predecessor-version":[{"id":963,"href":"http:\/\/radioluna.iesalbarregas.com\/index.php?rest_route=\/wp\/v2\/posts\/957\/revisions\/963"}],"wp:attachment":[{"href":"http:\/\/radioluna.iesalbarregas.com\/index.php?rest_route=%2Fwp%2Fv2%2Fmedia&parent=957"}],"wp:term":[{"taxonomy":"category","embeddable":true,"href":"http:\/\/radioluna.iesalbarregas.com\/index.php?rest_route=%2Fwp%2Fv2%2Fcategories&post=957"},{"taxonomy":"post_tag","embeddable":true,"href":"http:\/\/radioluna.iesalbarregas.com\/index.php?rest_route=%2Fwp%2Fv2%2Ftags&post=957"}],"curies":[{"name":"wp","href":"https:\/\/api.w.org\/{rel}","templated":true}]}}