{"id":920,"date":"2020-12-13T12:16:38","date_gmt":"2020-12-13T11:16:38","guid":{"rendered":"http:\/\/radioluna.iesalbarregas.com\/?p=920"},"modified":"2020-12-18T09:11:00","modified_gmt":"2020-12-18T08:11:00","slug":"la-historia-de-roma","status":"publish","type":"post","link":"http:\/\/radioluna.iesalbarregas.com\/?p=920","title":{"rendered":"La Historia de Roma."},"content":{"rendered":"\n<p>Estrenamos secci\u00f3n en Radio Luna: <strong><em>Viaje al Pasado<\/em><\/strong> un apasionante viaje por la Historia de la mano de nuestros alumnos del IES Albarregas. La profesora de Historia Lola S\u00e1nchez acompa\u00f1a a su grupo de 2\u00ba ESO A en este fascinante viaje en el tiempo. Y qu\u00e9 mejor manera de empezar que con La Historia de Roma, una civilizaci\u00f3n que dej\u00f3 su huella para siempre en nuestra ciudad.<\/p>\n\n\n\n<p>Los alumnos de 2\u00ba ESO A nos dan a conocer el surgimiento de Roma, su expansi\u00f3n y llegada a&nbsp; Hispania (nombre que los romanos pusieron a la Pen\u00ednsula Ib\u00e9rica) centr\u00e1ndonos en su paso por Extremadura y descubriendo su cultura y restos arqueol\u00f3gicos que hoy podemos ver y disfrutar de ellos.<\/p>\n\n\n\n<p>Los alumnos encargados en contarnos esta historia han sido Valeria \u00c1lvarez, Sara Cayetano, Paula Cortijo, Cristina Fern\u00e1ndez, Paula Gil, Daniel Fern\u00e1ndez y Aitana Amaro quienes han grabado y editado sus grabaciones, algo que da un valor a\u00f1adido a esta actividad.<\/p>\n\n\n\n<p>M\u00fasica cabecera y final: Epic Inspiration, Soundbay.<\/p>\n\n\n\n<figure class=\"wp-block-audio\"><audio controls src=\"http:\/\/radioluna.iesalbarregas.com\/wp-content\/uploads\/2020\/12\/Podcast-Romanos-1.mp3\"><\/audio><\/figure>\n\n\n\n<figure class=\"wp-block-image size-large\"><img loading=\"lazy\" width=\"1024\" height=\"519\" src=\"http:\/\/radioluna.iesalbarregas.com\/wp-content\/uploads\/2020\/12\/Acueducto-2-1024x519.jpg\" alt=\"\" class=\"wp-image-923\" srcset=\"http:\/\/radioluna.iesalbarregas.com\/wp-content\/uploads\/2020\/12\/Acueducto-2-1024x519.jpg 1024w, http:\/\/radioluna.iesalbarregas.com\/wp-content\/uploads\/2020\/12\/Acueducto-2-300x152.jpg 300w, http:\/\/radioluna.iesalbarregas.com\/wp-content\/uploads\/2020\/12\/Acueducto-2-768x389.jpg 768w, http:\/\/radioluna.iesalbarregas.com\/wp-content\/uploads\/2020\/12\/Acueducto-2-500x253.jpg 500w, http:\/\/radioluna.iesalbarregas.com\/wp-content\/uploads\/2020\/12\/Acueducto-2.jpg 1080w\" sizes=\"(max-width: 1024px) 100vw, 1024px\" \/><figcaption>Acueducto Romano de Los Milagros, M\u00e9rida. (Foto cortes\u00eda de Caste)<\/figcaption><\/figure>\n\n\n\n<figure class=\"wp-block-image size-large\"><img loading=\"lazy\" width=\"1024\" height=\"768\" src=\"http:\/\/radioluna.iesalbarregas.com\/wp-content\/uploads\/2020\/12\/IMG-20201211-WA0023-1024x768.jpg\" alt=\"\" class=\"wp-image-924\" srcset=\"http:\/\/radioluna.iesalbarregas.com\/wp-content\/uploads\/2020\/12\/IMG-20201211-WA0023-1024x768.jpg 1024w, http:\/\/radioluna.iesalbarregas.com\/wp-content\/uploads\/2020\/12\/IMG-20201211-WA0023-300x225.jpg 300w, http:\/\/radioluna.iesalbarregas.com\/wp-content\/uploads\/2020\/12\/IMG-20201211-WA0023-768x576.jpg 768w, http:\/\/radioluna.iesalbarregas.com\/wp-content\/uploads\/2020\/12\/IMG-20201211-WA0023-1536x1152.jpg 1536w, http:\/\/radioluna.iesalbarregas.com\/wp-content\/uploads\/2020\/12\/IMG-20201211-WA0023-400x300.jpg 400w, http:\/\/radioluna.iesalbarregas.com\/wp-content\/uploads\/2020\/12\/IMG-20201211-WA0023.jpg 1600w\" sizes=\"(max-width: 1024px) 100vw, 1024px\" \/><figcaption>Una clase de Historia en 2\u00ba ESO A,<\/figcaption><\/figure>\n","protected":false},"excerpt":{"rendered":"<p>Estrenamos secci\u00f3n en Radio Luna: Viaje al Pasado un apasionante viaje por la Historia de la mano de nuestros alumnos del IES Albarregas. La profesora de Historia Lola S\u00e1nchez acompa\u00f1a a su grupo de 2\u00ba ESO A en este fascinante &hellip; <a href=\"http:\/\/radioluna.iesalbarregas.com\/?p=920\">Sigue leyendo <span class=\"meta-nav\">&rarr;<\/span><\/a><\/p>\n","protected":false},"author":2,"featured_media":0,"comment_status":"closed","ping_status":"closed","sticky":false,"template":"","format":"standard","meta":[],"categories":[9,60],"tags":[68,65],"_links":{"self":[{"href":"http:\/\/radioluna.iesalbarregas.com\/index.php?rest_route=\/wp\/v2\/posts\/920"}],"collection":[{"href":"http:\/\/radioluna.iesalbarregas.com\/index.php?rest_route=\/wp\/v2\/posts"}],"about":[{"href":"http:\/\/radioluna.iesalbarregas.com\/index.php?rest_route=\/wp\/v2\/types\/post"}],"author":[{"embeddable":true,"href":"http:\/\/radioluna.iesalbarregas.com\/index.php?rest_route=\/wp\/v2\/users\/2"}],"replies":[{"embeddable":true,"href":"http:\/\/radioluna.iesalbarregas.com\/index.php?rest_route=%2Fwp%2Fv2%2Fcomments&post=920"}],"version-history":[{"count":3,"href":"http:\/\/radioluna.iesalbarregas.com\/index.php?rest_route=\/wp\/v2\/posts\/920\/revisions"}],"predecessor-version":[{"id":927,"href":"http:\/\/radioluna.iesalbarregas.com\/index.php?rest_route=\/wp\/v2\/posts\/920\/revisions\/927"}],"wp:attachment":[{"href":"http:\/\/radioluna.iesalbarregas.com\/index.php?rest_route=%2Fwp%2Fv2%2Fmedia&parent=920"}],"wp:term":[{"taxonomy":"category","embeddable":true,"href":"http:\/\/radioluna.iesalbarregas.com\/index.php?rest_route=%2Fwp%2Fv2%2Fcategories&post=920"},{"taxonomy":"post_tag","embeddable":true,"href":"http:\/\/radioluna.iesalbarregas.com\/index.php?rest_route=%2Fwp%2Fv2%2Ftags&post=920"}],"curies":[{"name":"wp","href":"https:\/\/api.w.org\/{rel}","templated":true}]}}