{"id":904,"date":"2020-12-09T12:35:40","date_gmt":"2020-12-09T11:35:40","guid":{"rendered":"http:\/\/radioluna.iesalbarregas.com\/?p=904"},"modified":"2020-12-18T09:12:24","modified_gmt":"2020-12-18T08:12:24","slug":"ies-albarregas-en-bici","status":"publish","type":"post","link":"http:\/\/radioluna.iesalbarregas.com\/?p=904","title":{"rendered":"IES Albarregas en Bici."},"content":{"rendered":"\n<p>Durante el presente curso se est\u00e1 desarrollando el proyecto \u00abIES Albarregas en Bici\u00bb con el que se pretende fomentar el uso de la bicicleta entre el alumnado como forma de ocio activo, saludable y sostenible. Durante las clases se desarrollan actividades y mec\u00e1nica de la bicicleta y como culminaci\u00f3n se realiza una ruta en bicicleta por el entorno de M\u00e9rida, en este caso se visita el Embalse de Proserpina por el camino de la v\u00eda pecuaria de Santa Mar\u00eda de Araya. En este proyecto nos acompa\u00f1a la Federaci\u00f3n Extreme\u00f1a de Ciclismo con apoyo log\u00edstico y t\u00e9cnico. Nos cuentan sobre esta experienca, Beatriz, profesora de Educaci\u00f3n F\u00edsica y Gema Lozano y Natalia Gonz\u00e1lez de 1\u00ba de Bachillerato F.<\/p>\n\n\n\n<p>M\u00fasica: Pure Mids, <em>Everything we wanted<\/em><\/p>\n\n\n\n<p><\/p>\n\n\n\n<figure class=\"wp-block-audio\"><audio controls src=\"http:\/\/radioluna.iesalbarregas.com\/wp-content\/uploads\/2020\/12\/Ruta-en-bici.mp3\"><\/audio><\/figure>\n\n\n\n<figure class=\"wp-block-image size-large\"><img loading=\"lazy\" width=\"1024\" height=\"768\" src=\"http:\/\/radioluna.iesalbarregas.com\/wp-content\/uploads\/2020\/12\/Ruta-en-bici-1024x768.jpg\" alt=\"\" class=\"wp-image-906\" srcset=\"http:\/\/radioluna.iesalbarregas.com\/wp-content\/uploads\/2020\/12\/Ruta-en-bici-1024x768.jpg 1024w, http:\/\/radioluna.iesalbarregas.com\/wp-content\/uploads\/2020\/12\/Ruta-en-bici-300x225.jpg 300w, http:\/\/radioluna.iesalbarregas.com\/wp-content\/uploads\/2020\/12\/Ruta-en-bici-768x576.jpg 768w, http:\/\/radioluna.iesalbarregas.com\/wp-content\/uploads\/2020\/12\/Ruta-en-bici-1536x1152.jpg 1536w, http:\/\/radioluna.iesalbarregas.com\/wp-content\/uploads\/2020\/12\/Ruta-en-bici-400x300.jpg 400w, http:\/\/radioluna.iesalbarregas.com\/wp-content\/uploads\/2020\/12\/Ruta-en-bici.jpg 1600w\" sizes=\"(max-width: 1024px) 100vw, 1024px\" \/><\/figure>\n\n\n\n<figure class=\"wp-block-image size-large\"><img loading=\"lazy\" width=\"803\" height=\"766\" src=\"http:\/\/radioluna.iesalbarregas.com\/wp-content\/uploads\/2020\/12\/Ruta-en-bici1.jpg\" alt=\"\" class=\"wp-image-907\" srcset=\"http:\/\/radioluna.iesalbarregas.com\/wp-content\/uploads\/2020\/12\/Ruta-en-bici1.jpg 803w, http:\/\/radioluna.iesalbarregas.com\/wp-content\/uploads\/2020\/12\/Ruta-en-bici1-300x286.jpg 300w, http:\/\/radioluna.iesalbarregas.com\/wp-content\/uploads\/2020\/12\/Ruta-en-bici1-768x733.jpg 768w, http:\/\/radioluna.iesalbarregas.com\/wp-content\/uploads\/2020\/12\/Ruta-en-bici1-314x300.jpg 314w\" sizes=\"(max-width: 803px) 100vw, 803px\" \/><figcaption>De Izda. a Dcha: Beatriz, Nacho, Natalia y Gema.<\/figcaption><\/figure>\n","protected":false},"excerpt":{"rendered":"<p>Durante el presente curso se est\u00e1 desarrollando el proyecto \u00abIES Albarregas en Bici\u00bb con el que se pretende fomentar el uso de la bicicleta entre el alumnado como forma de ocio activo, saludable y sostenible. Durante las clases se desarrollan &hellip; <a href=\"http:\/\/radioluna.iesalbarregas.com\/?p=904\">Sigue leyendo <span class=\"meta-nav\">&rarr;<\/span><\/a><\/p>\n","protected":false},"author":2,"featured_media":0,"comment_status":"closed","ping_status":"closed","sticky":false,"template":"","format":"standard","meta":[],"categories":[59,9],"tags":[66,65],"_links":{"self":[{"href":"http:\/\/radioluna.iesalbarregas.com\/index.php?rest_route=\/wp\/v2\/posts\/904"}],"collection":[{"href":"http:\/\/radioluna.iesalbarregas.com\/index.php?rest_route=\/wp\/v2\/posts"}],"about":[{"href":"http:\/\/radioluna.iesalbarregas.com\/index.php?rest_route=\/wp\/v2\/types\/post"}],"author":[{"embeddable":true,"href":"http:\/\/radioluna.iesalbarregas.com\/index.php?rest_route=\/wp\/v2\/users\/2"}],"replies":[{"embeddable":true,"href":"http:\/\/radioluna.iesalbarregas.com\/index.php?rest_route=%2Fwp%2Fv2%2Fcomments&post=904"}],"version-history":[{"count":2,"href":"http:\/\/radioluna.iesalbarregas.com\/index.php?rest_route=\/wp\/v2\/posts\/904\/revisions"}],"predecessor-version":[{"id":909,"href":"http:\/\/radioluna.iesalbarregas.com\/index.php?rest_route=\/wp\/v2\/posts\/904\/revisions\/909"}],"wp:attachment":[{"href":"http:\/\/radioluna.iesalbarregas.com\/index.php?rest_route=%2Fwp%2Fv2%2Fmedia&parent=904"}],"wp:term":[{"taxonomy":"category","embeddable":true,"href":"http:\/\/radioluna.iesalbarregas.com\/index.php?rest_route=%2Fwp%2Fv2%2Fcategories&post=904"},{"taxonomy":"post_tag","embeddable":true,"href":"http:\/\/radioluna.iesalbarregas.com\/index.php?rest_route=%2Fwp%2Fv2%2Ftags&post=904"}],"curies":[{"name":"wp","href":"https:\/\/api.w.org\/{rel}","templated":true}]}}