{"id":899,"date":"2020-12-09T12:30:47","date_gmt":"2020-12-09T11:30:47","guid":{"rendered":"http:\/\/radioluna.iesalbarregas.com\/?p=899"},"modified":"2020-12-18T09:12:45","modified_gmt":"2020-12-18T08:12:45","slug":"javier-del-rio-boyero-subcampeon-de-espana-de-orientacion","status":"publish","type":"post","link":"http:\/\/radioluna.iesalbarregas.com\/?p=899","title":{"rendered":"Javier Garc\u00eda Subcampe\u00f3n de Espa\u00f1a de Orientaci\u00f3n."},"content":{"rendered":"\n<p>Roberto Carlos Jim\u00e9nez y Laura Moro (1\u00baBach. F) entrevistan a Javier Garc\u00eda (1\u00ba Bach. F) que se ha proclamado subcampe\u00f3n de Espa\u00f1a de Orientaci\u00f3n. La Orientaci\u00f3n es un deporte que se desarrolla en plena naturaleza y en el que se ponen en pr\u00e1ctica diferentes habilidades y contribuye enormemente a mejorar nuestro estado de forma y a porta m\u00faltiples beneficios para nuestra salud. En esta entrevista podr\u00e9is conocer un poco m\u00e1s en qu\u00e9 consiste este deporte, as\u00ed como la trayectoria deportiva de Javier.<\/p>\n\n\n\n<p>M\u00fasica: <em>The Varandas, Lemon Pop<\/em><\/p>\n\n\n\n<figure class=\"wp-block-audio\"><audio controls src=\"http:\/\/radioluna.iesalbarregas.com\/wp-content\/uploads\/2020\/12\/Orientaci\u00f3n.mp3\"><\/audio><\/figure>\n\n\n\n<figure class=\"wp-block-image size-large\"><img loading=\"lazy\" width=\"1024\" height=\"768\" src=\"http:\/\/radioluna.iesalbarregas.com\/wp-content\/uploads\/2020\/12\/Orientaci\u00f3n.jpg\" alt=\"\" class=\"wp-image-900\" srcset=\"http:\/\/radioluna.iesalbarregas.com\/wp-content\/uploads\/2020\/12\/Orientaci\u00f3n.jpg 1024w, http:\/\/radioluna.iesalbarregas.com\/wp-content\/uploads\/2020\/12\/Orientaci\u00f3n-300x225.jpg 300w, http:\/\/radioluna.iesalbarregas.com\/wp-content\/uploads\/2020\/12\/Orientaci\u00f3n-768x576.jpg 768w, http:\/\/radioluna.iesalbarregas.com\/wp-content\/uploads\/2020\/12\/Orientaci\u00f3n-400x300.jpg 400w\" sizes=\"(max-width: 1024px) 100vw, 1024px\" \/><figcaption>De izda. a dcha.: Javier, Roberto Carlos, Nacho y Laura.<\/figcaption><\/figure>\n","protected":false},"excerpt":{"rendered":"<p>Roberto Carlos Jim\u00e9nez y Laura Moro (1\u00baBach. F) entrevistan a Javier Garc\u00eda (1\u00ba Bach. F) que se ha proclamado subcampe\u00f3n de Espa\u00f1a de Orientaci\u00f3n. La Orientaci\u00f3n es un deporte que se desarrolla en plena naturaleza y en el que se &hellip; <a href=\"http:\/\/radioluna.iesalbarregas.com\/?p=899\">Sigue leyendo <span class=\"meta-nav\">&rarr;<\/span><\/a><\/p>\n","protected":false},"author":2,"featured_media":0,"comment_status":"closed","ping_status":"closed","sticky":false,"template":"","format":"standard","meta":[],"categories":[59,9],"tags":[66,65],"_links":{"self":[{"href":"http:\/\/radioluna.iesalbarregas.com\/index.php?rest_route=\/wp\/v2\/posts\/899"}],"collection":[{"href":"http:\/\/radioluna.iesalbarregas.com\/index.php?rest_route=\/wp\/v2\/posts"}],"about":[{"href":"http:\/\/radioluna.iesalbarregas.com\/index.php?rest_route=\/wp\/v2\/types\/post"}],"author":[{"embeddable":true,"href":"http:\/\/radioluna.iesalbarregas.com\/index.php?rest_route=\/wp\/v2\/users\/2"}],"replies":[{"embeddable":true,"href":"http:\/\/radioluna.iesalbarregas.com\/index.php?rest_route=%2Fwp%2Fv2%2Fcomments&post=899"}],"version-history":[{"count":4,"href":"http:\/\/radioluna.iesalbarregas.com\/index.php?rest_route=\/wp\/v2\/posts\/899\/revisions"}],"predecessor-version":[{"id":911,"href":"http:\/\/radioluna.iesalbarregas.com\/index.php?rest_route=\/wp\/v2\/posts\/899\/revisions\/911"}],"wp:attachment":[{"href":"http:\/\/radioluna.iesalbarregas.com\/index.php?rest_route=%2Fwp%2Fv2%2Fmedia&parent=899"}],"wp:term":[{"taxonomy":"category","embeddable":true,"href":"http:\/\/radioluna.iesalbarregas.com\/index.php?rest_route=%2Fwp%2Fv2%2Fcategories&post=899"},{"taxonomy":"post_tag","embeddable":true,"href":"http:\/\/radioluna.iesalbarregas.com\/index.php?rest_route=%2Fwp%2Fv2%2Ftags&post=899"}],"curies":[{"name":"wp","href":"https:\/\/api.w.org\/{rel}","templated":true}]}}