{"id":887,"date":"2020-12-02T12:09:00","date_gmt":"2020-12-02T11:09:00","guid":{"rendered":"http:\/\/radioluna.iesalbarregas.com\/?p=887"},"modified":"2020-12-18T09:13:45","modified_gmt":"2020-12-18T08:13:45","slug":"banco-de-alimentos-solidario","status":"publish","type":"post","link":"http:\/\/radioluna.iesalbarregas.com\/?p=887","title":{"rendered":"Banco de Alimentos Solidario."},"content":{"rendered":"\n<p>Ante la imposibilidad de recogida f\u00edsica de alimentos como en a\u00f1os anteriores en el Instituto, Hugo y Jose alumnos de Actividades Comerciales, nos hablan sobre la recogida de fondos para la ayuda al Banco de Alimentos de Badajoz. Pod\u00e9is encontrar m\u00e1s informaci\u00f3n en la p\u00e1gina web <a href=\"http:\/\/www.bancodealimentosdebadajoz.org\/\">www.bancodealimentosdebadajoz.org<\/a>.<\/p>\n\n\n\n<p>Esperamos vuestra solidaridad. Gracias.<\/p>\n\n\n\n<figure class=\"wp-block-audio\"><audio controls src=\"http:\/\/radioluna.iesalbarregas.com\/wp-content\/uploads\/2020\/12\/Hugo-y-Jose-Comercio.mp3\"><\/audio><\/figure>\n\n\n\n<figure class=\"wp-block-image size-large\"><img loading=\"lazy\" width=\"1024\" height=\"485\" src=\"http:\/\/radioluna.iesalbarregas.com\/wp-content\/uploads\/2020\/12\/ACOM1-1024x485.jpg\" alt=\"\" class=\"wp-image-889\" srcset=\"http:\/\/radioluna.iesalbarregas.com\/wp-content\/uploads\/2020\/12\/ACOM1-1024x485.jpg 1024w, http:\/\/radioluna.iesalbarregas.com\/wp-content\/uploads\/2020\/12\/ACOM1-300x142.jpg 300w, http:\/\/radioluna.iesalbarregas.com\/wp-content\/uploads\/2020\/12\/ACOM1-768x363.jpg 768w, http:\/\/radioluna.iesalbarregas.com\/wp-content\/uploads\/2020\/12\/ACOM1-1536x727.jpg 1536w, http:\/\/radioluna.iesalbarregas.com\/wp-content\/uploads\/2020\/12\/ACOM1-500x237.jpg 500w, http:\/\/radioluna.iesalbarregas.com\/wp-content\/uploads\/2020\/12\/ACOM1.jpg 2016w\" sizes=\"(max-width: 1024px) 100vw, 1024px\" \/><figcaption>Jose (izda.), Raquel, profesora de ACOM (centro), Hugo (dcha.)<\/figcaption><\/figure>\n\n\n\n<figure class=\"wp-block-image size-large\"><img loading=\"lazy\" width=\"1024\" height=\"485\" src=\"http:\/\/radioluna.iesalbarregas.com\/wp-content\/uploads\/2020\/12\/ACOM2-1024x485.jpg\" alt=\"\" class=\"wp-image-890\" srcset=\"http:\/\/radioluna.iesalbarregas.com\/wp-content\/uploads\/2020\/12\/ACOM2-1024x485.jpg 1024w, http:\/\/radioluna.iesalbarregas.com\/wp-content\/uploads\/2020\/12\/ACOM2-300x142.jpg 300w, http:\/\/radioluna.iesalbarregas.com\/wp-content\/uploads\/2020\/12\/ACOM2-768x363.jpg 768w, http:\/\/radioluna.iesalbarregas.com\/wp-content\/uploads\/2020\/12\/ACOM2-1536x727.jpg 1536w, http:\/\/radioluna.iesalbarregas.com\/wp-content\/uploads\/2020\/12\/ACOM2-500x237.jpg 500w, http:\/\/radioluna.iesalbarregas.com\/wp-content\/uploads\/2020\/12\/ACOM2.jpg 2016w\" sizes=\"(max-width: 1024px) 100vw, 1024px\" \/><\/figure>\n\n\n\n<p>Conchi, profesora de ACOM, junto a los alumnos Jose y Hugo.<\/p>\n","protected":false},"excerpt":{"rendered":"<p>Ante la imposibilidad de recogida f\u00edsica de alimentos como en a\u00f1os anteriores en el Instituto, Hugo y Jose alumnos de Actividades Comerciales, nos hablan sobre la recogida de fondos para la ayuda al Banco de Alimentos de Badajoz. Pod\u00e9is encontrar &hellip; <a href=\"http:\/\/radioluna.iesalbarregas.com\/?p=887\">Sigue leyendo <span class=\"meta-nav\">&rarr;<\/span><\/a><\/p>\n","protected":false},"author":2,"featured_media":0,"comment_status":"closed","ping_status":"closed","sticky":false,"template":"","format":"standard","meta":[],"categories":[9],"tags":[58,70,57],"_links":{"self":[{"href":"http:\/\/radioluna.iesalbarregas.com\/index.php?rest_route=\/wp\/v2\/posts\/887"}],"collection":[{"href":"http:\/\/radioluna.iesalbarregas.com\/index.php?rest_route=\/wp\/v2\/posts"}],"about":[{"href":"http:\/\/radioluna.iesalbarregas.com\/index.php?rest_route=\/wp\/v2\/types\/post"}],"author":[{"embeddable":true,"href":"http:\/\/radioluna.iesalbarregas.com\/index.php?rest_route=\/wp\/v2\/users\/2"}],"replies":[{"embeddable":true,"href":"http:\/\/radioluna.iesalbarregas.com\/index.php?rest_route=%2Fwp%2Fv2%2Fcomments&post=887"}],"version-history":[{"count":1,"href":"http:\/\/radioluna.iesalbarregas.com\/index.php?rest_route=\/wp\/v2\/posts\/887\/revisions"}],"predecessor-version":[{"id":891,"href":"http:\/\/radioluna.iesalbarregas.com\/index.php?rest_route=\/wp\/v2\/posts\/887\/revisions\/891"}],"wp:attachment":[{"href":"http:\/\/radioluna.iesalbarregas.com\/index.php?rest_route=%2Fwp%2Fv2%2Fmedia&parent=887"}],"wp:term":[{"taxonomy":"category","embeddable":true,"href":"http:\/\/radioluna.iesalbarregas.com\/index.php?rest_route=%2Fwp%2Fv2%2Fcategories&post=887"},{"taxonomy":"post_tag","embeddable":true,"href":"http:\/\/radioluna.iesalbarregas.com\/index.php?rest_route=%2Fwp%2Fv2%2Ftags&post=887"}],"curies":[{"name":"wp","href":"https:\/\/api.w.org\/{rel}","templated":true}]}}