{"id":88,"date":"2012-12-31T09:42:10","date_gmt":"2012-12-31T08:42:10","guid":{"rendered":"http:\/\/radioluna.iesalbarregas.com\/?p=88"},"modified":"2020-04-05T12:26:04","modified_gmt":"2020-04-05T11:26:04","slug":"ultimo-programa-de-2012","status":"publish","type":"post","link":"http:\/\/radioluna.iesalbarregas.com\/?p=88","title":{"rendered":"\u00daltimo programa de 2012&#8230;"},"content":{"rendered":"<p style=\"text-align: justify;\">Y no. El mundo no se ha acabado. Si nos hubieran preguntado a los de RadioLuna&#8230; En fin. Aqu\u00ed os dejamos nuestro \u00faltimo programa que muestra, de nuevo, la actividad de nuestro instituto a lo largo de este primer trimestre.<br \/>\nEs cortito, aunque con sustancia&#8230; Podremos conocer el paso de la escritora Pilar Gal\u00e1n por el IES Albarregas; y la experiencia de una alumna de 1\u00ba de ESO que ha actuado en el \u00faltimo Festival de Teatro Cl\u00e1sico de M\u00e9rida y, finalmente, un exalumno, C\u00e9sar Garc\u00eda, nos cuenta su experiencia como estudiante de bachillerato en Canad\u00e1.<br \/>\nComo siempre y por supuesto, el programa ha sido realizado \u00edntegramente con software solidario y sostenible (software libre)<br \/>\n\u00a1Feliz 2013!<br \/>\nPod\u00e9is verlo en \u00ab<span style=\"color: #3366ff;\"><em><strong><a href=\"http:\/\/radioluna.iesalbarregas.com\/?page_id=2\"><span style=\"color: #3366ff;\">Programas emitidos<\/span><\/a><\/strong><\/em><\/span>\u00ab<\/p>\n","protected":false},"excerpt":{"rendered":"<p>Y no. El mundo no se ha acabado. Si nos hubieran preguntado a los de RadioLuna&#8230; En fin. Aqu\u00ed os dejamos nuestro \u00faltimo programa que muestra, de nuevo, la actividad de nuestro instituto a lo largo de este primer trimestre. &hellip; <a href=\"http:\/\/radioluna.iesalbarregas.com\/?p=88\">Sigue leyendo <span class=\"meta-nav\">&rarr;<\/span><\/a><\/p>\n","protected":false},"author":1,"featured_media":0,"comment_status":"open","ping_status":"open","sticky":false,"template":"","format":"standard","meta":[],"categories":[44],"tags":[],"_links":{"self":[{"href":"http:\/\/radioluna.iesalbarregas.com\/index.php?rest_route=\/wp\/v2\/posts\/88"}],"collection":[{"href":"http:\/\/radioluna.iesalbarregas.com\/index.php?rest_route=\/wp\/v2\/posts"}],"about":[{"href":"http:\/\/radioluna.iesalbarregas.com\/index.php?rest_route=\/wp\/v2\/types\/post"}],"author":[{"embeddable":true,"href":"http:\/\/radioluna.iesalbarregas.com\/index.php?rest_route=\/wp\/v2\/users\/1"}],"replies":[{"embeddable":true,"href":"http:\/\/radioluna.iesalbarregas.com\/index.php?rest_route=%2Fwp%2Fv2%2Fcomments&post=88"}],"version-history":[{"count":1,"href":"http:\/\/radioluna.iesalbarregas.com\/index.php?rest_route=\/wp\/v2\/posts\/88\/revisions"}],"predecessor-version":[{"id":90,"href":"http:\/\/radioluna.iesalbarregas.com\/index.php?rest_route=\/wp\/v2\/posts\/88\/revisions\/90"}],"wp:attachment":[{"href":"http:\/\/radioluna.iesalbarregas.com\/index.php?rest_route=%2Fwp%2Fv2%2Fmedia&parent=88"}],"wp:term":[{"taxonomy":"category","embeddable":true,"href":"http:\/\/radioluna.iesalbarregas.com\/index.php?rest_route=%2Fwp%2Fv2%2Fcategories&post=88"},{"taxonomy":"post_tag","embeddable":true,"href":"http:\/\/radioluna.iesalbarregas.com\/index.php?rest_route=%2Fwp%2Fv2%2Ftags&post=88"}],"curies":[{"name":"wp","href":"https:\/\/api.w.org\/{rel}","templated":true}]}}