{"id":870,"date":"2020-11-26T12:14:47","date_gmt":"2020-11-26T11:14:47","guid":{"rendered":"http:\/\/radioluna.iesalbarregas.com\/?p=870"},"modified":"2020-12-18T09:14:29","modified_gmt":"2020-12-18T08:14:29","slug":"25n-historia-significado-concienciacion","status":"publish","type":"post","link":"http:\/\/radioluna.iesalbarregas.com\/?p=870","title":{"rendered":"25N, Historia, significado, concienciaci\u00f3n."},"content":{"rendered":"\n<p>Siguiendo con las actividades con motivo del 25, D\u00eda Internacional de la Eliminaci\u00f3n de la Violencia contra la Mujer, Paula Calvo y Berta G\u00f3nzalez de 3\u00baE nos han contado la historia de este d\u00eda, su significado y la importancia de concienciarnos para eliminar la violencia contra las mujeres. En la clase de Tutor\u00eda  han expuesto tambi\u00e9n el tema y se ha debatido junto con el tutor (Antonio Rivera) y el resto de la clase.<\/p>\n\n\n\n<p>M\u00fasica intro y final: <em>Shining<\/em>, de Kelee Maize<\/p>\n\n\n\n<p><em>Cuenta con Nosotrxs <\/em>de Ni\u00f1o \u00cdndigo.<\/p>\n\n\n\n<figure class=\"wp-block-image size-large\"><img loading=\"lazy\" width=\"1024\" height=\"768\" src=\"http:\/\/radioluna.iesalbarregas.com\/wp-content\/uploads\/2020\/11\/25N-Berta-y-Paula-1024x768.jpg\" alt=\"\" class=\"wp-image-872\" srcset=\"http:\/\/radioluna.iesalbarregas.com\/wp-content\/uploads\/2020\/11\/25N-Berta-y-Paula-1024x768.jpg 1024w, http:\/\/radioluna.iesalbarregas.com\/wp-content\/uploads\/2020\/11\/25N-Berta-y-Paula-300x225.jpg 300w, http:\/\/radioluna.iesalbarregas.com\/wp-content\/uploads\/2020\/11\/25N-Berta-y-Paula-768x576.jpg 768w, http:\/\/radioluna.iesalbarregas.com\/wp-content\/uploads\/2020\/11\/25N-Berta-y-Paula-1536x1152.jpg 1536w, http:\/\/radioluna.iesalbarregas.com\/wp-content\/uploads\/2020\/11\/25N-Berta-y-Paula-2048x1536.jpg 2048w, http:\/\/radioluna.iesalbarregas.com\/wp-content\/uploads\/2020\/11\/25N-Berta-y-Paula-400x300.jpg 400w\" sizes=\"(max-width: 1024px) 100vw, 1024px\" \/><figcaption>Paula (Izda.) y Berta (Dcha.)<\/figcaption><\/figure>\n\n\n\n<figure class=\"wp-block-audio\"><audio controls src=\"http:\/\/radioluna.iesalbarregas.com\/wp-content\/uploads\/2020\/11\/Berta-y-Paula-3\u00baE.mp3\"><\/audio><\/figure>\n\n\n\n<figure class=\"wp-block-embed-youtube wp-block-embed is-type-video is-provider-youtube wp-embed-aspect-16-9 wp-has-aspect-ratio\"><div class=\"wp-block-embed__wrapper\">\n<iframe loading=\"lazy\" title=\"CUENTA CON NOSOTRXS V\u00eddeoclip\" width=\"584\" height=\"329\" src=\"https:\/\/www.youtube.com\/embed\/emF43e9xGFE?feature=oembed\" frameborder=\"0\" allow=\"accelerometer; autoplay; clipboard-write; encrypted-media; gyroscope; picture-in-picture\" allowfullscreen><\/iframe>\n<\/div><figcaption>Aqu\u00ed pod\u00e9is ver el videoclip.<\/figcaption><\/figure>\n","protected":false},"excerpt":{"rendered":"<p>Siguiendo con las actividades con motivo del 25, D\u00eda Internacional de la Eliminaci\u00f3n de la Violencia contra la Mujer, Paula Calvo y Berta G\u00f3nzalez de 3\u00baE nos han contado la historia de este d\u00eda, su significado y la importancia de &hellip; <a href=\"http:\/\/radioluna.iesalbarregas.com\/?p=870\">Sigue leyendo <span class=\"meta-nav\">&rarr;<\/span><\/a><\/p>\n","protected":false},"author":2,"featured_media":0,"comment_status":"closed","ping_status":"closed","sticky":false,"template":"","format":"standard","meta":[],"categories":[9],"tags":[55,65],"_links":{"self":[{"href":"http:\/\/radioluna.iesalbarregas.com\/index.php?rest_route=\/wp\/v2\/posts\/870"}],"collection":[{"href":"http:\/\/radioluna.iesalbarregas.com\/index.php?rest_route=\/wp\/v2\/posts"}],"about":[{"href":"http:\/\/radioluna.iesalbarregas.com\/index.php?rest_route=\/wp\/v2\/types\/post"}],"author":[{"embeddable":true,"href":"http:\/\/radioluna.iesalbarregas.com\/index.php?rest_route=\/wp\/v2\/users\/2"}],"replies":[{"embeddable":true,"href":"http:\/\/radioluna.iesalbarregas.com\/index.php?rest_route=%2Fwp%2Fv2%2Fcomments&post=870"}],"version-history":[{"count":3,"href":"http:\/\/radioluna.iesalbarregas.com\/index.php?rest_route=\/wp\/v2\/posts\/870\/revisions"}],"predecessor-version":[{"id":877,"href":"http:\/\/radioluna.iesalbarregas.com\/index.php?rest_route=\/wp\/v2\/posts\/870\/revisions\/877"}],"wp:attachment":[{"href":"http:\/\/radioluna.iesalbarregas.com\/index.php?rest_route=%2Fwp%2Fv2%2Fmedia&parent=870"}],"wp:term":[{"taxonomy":"category","embeddable":true,"href":"http:\/\/radioluna.iesalbarregas.com\/index.php?rest_route=%2Fwp%2Fv2%2Fcategories&post=870"},{"taxonomy":"post_tag","embeddable":true,"href":"http:\/\/radioluna.iesalbarregas.com\/index.php?rest_route=%2Fwp%2Fv2%2Ftags&post=870"}],"curies":[{"name":"wp","href":"https:\/\/api.w.org\/{rel}","templated":true}]}}