{"id":855,"date":"2020-11-24T10:42:58","date_gmt":"2020-11-24T09:42:58","guid":{"rendered":"http:\/\/radioluna.iesalbarregas.com\/?p=855"},"modified":"2020-12-18T09:15:32","modified_gmt":"2020-12-18T08:15:32","slug":"thanksgiving-day","status":"publish","type":"post","link":"http:\/\/radioluna.iesalbarregas.com\/?p=855","title":{"rendered":"Thanksgiving Day"},"content":{"rendered":"\n<p>Otra de las celebraciones que trae noviembre, sobre todo en Estados Unidos y Canad\u00e1, es la Fiesta de Acci\u00f3n de gracias. H\u00e9ctor Gonz\u00e1lez, Paula S\u00e1enz de Tejada y Jing Lin de 2\u00ba BachilleratoA han pasado por el estudio de Radio Luna para contarnos el origen de esta tradici\u00f3n y en qu\u00e9 consiste. Teresa, su profesora de ingl\u00e9s ha coordinado la actividad. Aprovechad esta oportunidad para conocer un poco m\u00e1s de la cultura estadounidense y como no, para practicar vuestro ingl\u00e9s.<\/p>\n\n\n\n<p>M\u00fasica:<em> Silver<\/em> by <em>The Gray Havens<\/em><\/p>\n\n\n\n<figure class=\"wp-block-audio\"><audio controls src=\"http:\/\/radioluna.iesalbarregas.com\/wp-content\/uploads\/2020\/11\/Thanksgiving-2\u00ba-Bach-A.mp3\"><\/audio><\/figure>\n\n\n\n<figure class=\"wp-block-gallery columns-1 is-cropped\"><ul class=\"blocks-gallery-grid\"><li class=\"blocks-gallery-item\"><figure><img loading=\"lazy\" width=\"1024\" height=\"768\" src=\"http:\/\/radioluna.iesalbarregas.com\/wp-content\/uploads\/2020\/11\/Thanksgiving-1024x768.jpg\" alt=\"\" data-id=\"857\" data-full-url=\"http:\/\/radioluna.iesalbarregas.com\/wp-content\/uploads\/2020\/11\/Thanksgiving-scaled.jpg\" data-link=\"http:\/\/radioluna.iesalbarregas.com\/?attachment_id=857\" class=\"wp-image-857\" srcset=\"http:\/\/radioluna.iesalbarregas.com\/wp-content\/uploads\/2020\/11\/Thanksgiving-1024x768.jpg 1024w, http:\/\/radioluna.iesalbarregas.com\/wp-content\/uploads\/2020\/11\/Thanksgiving-300x225.jpg 300w, http:\/\/radioluna.iesalbarregas.com\/wp-content\/uploads\/2020\/11\/Thanksgiving-768x576.jpg 768w, http:\/\/radioluna.iesalbarregas.com\/wp-content\/uploads\/2020\/11\/Thanksgiving-1536x1152.jpg 1536w, http:\/\/radioluna.iesalbarregas.com\/wp-content\/uploads\/2020\/11\/Thanksgiving-2048x1536.jpg 2048w, http:\/\/radioluna.iesalbarregas.com\/wp-content\/uploads\/2020\/11\/Thanksgiving-400x300.jpg 400w\" sizes=\"(max-width: 1024px) 100vw, 1024px\" \/><\/figure><\/li><\/ul><figcaption class=\"blocks-gallery-caption\">Jing, Paula y H\u00e9ctor durante la grabaci\u00f3n.<\/figcaption><\/figure>\n","protected":false},"excerpt":{"rendered":"<p>Otra de las celebraciones que trae noviembre, sobre todo en Estados Unidos y Canad\u00e1, es la Fiesta de Acci\u00f3n de gracias. H\u00e9ctor Gonz\u00e1lez, Paula S\u00e1enz de Tejada y Jing Lin de 2\u00ba BachilleratoA han pasado por el estudio de Radio &hellip; <a href=\"http:\/\/radioluna.iesalbarregas.com\/?p=855\">Sigue leyendo <span class=\"meta-nav\">&rarr;<\/span><\/a><\/p>\n","protected":false},"author":2,"featured_media":0,"comment_status":"closed","ping_status":"closed","sticky":false,"template":"","format":"standard","meta":[],"categories":[52,9],"tags":[65,56],"_links":{"self":[{"href":"http:\/\/radioluna.iesalbarregas.com\/index.php?rest_route=\/wp\/v2\/posts\/855"}],"collection":[{"href":"http:\/\/radioluna.iesalbarregas.com\/index.php?rest_route=\/wp\/v2\/posts"}],"about":[{"href":"http:\/\/radioluna.iesalbarregas.com\/index.php?rest_route=\/wp\/v2\/types\/post"}],"author":[{"embeddable":true,"href":"http:\/\/radioluna.iesalbarregas.com\/index.php?rest_route=\/wp\/v2\/users\/2"}],"replies":[{"embeddable":true,"href":"http:\/\/radioluna.iesalbarregas.com\/index.php?rest_route=%2Fwp%2Fv2%2Fcomments&post=855"}],"version-history":[{"count":1,"href":"http:\/\/radioluna.iesalbarregas.com\/index.php?rest_route=\/wp\/v2\/posts\/855\/revisions"}],"predecessor-version":[{"id":858,"href":"http:\/\/radioluna.iesalbarregas.com\/index.php?rest_route=\/wp\/v2\/posts\/855\/revisions\/858"}],"wp:attachment":[{"href":"http:\/\/radioluna.iesalbarregas.com\/index.php?rest_route=%2Fwp%2Fv2%2Fmedia&parent=855"}],"wp:term":[{"taxonomy":"category","embeddable":true,"href":"http:\/\/radioluna.iesalbarregas.com\/index.php?rest_route=%2Fwp%2Fv2%2Fcategories&post=855"},{"taxonomy":"post_tag","embeddable":true,"href":"http:\/\/radioluna.iesalbarregas.com\/index.php?rest_route=%2Fwp%2Fv2%2Ftags&post=855"}],"curies":[{"name":"wp","href":"https:\/\/api.w.org\/{rel}","templated":true}]}}