{"id":795,"date":"2020-10-21T11:18:21","date_gmt":"2020-10-21T10:18:21","guid":{"rendered":"http:\/\/radioluna.iesalbarregas.com\/?p=795"},"modified":"2020-12-18T09:18:02","modified_gmt":"2020-12-18T08:18:02","slug":"volvemos","status":"publish","type":"post","link":"http:\/\/radioluna.iesalbarregas.com\/?p=795","title":{"rendered":"Volvemos."},"content":{"rendered":"\n<p>Radio Luna est\u00e1 de vuelta y para comenzar hemos querido escuchar a parte del alumnado de 1\u00ba de la ESO que durante estos primeros programas pasar\u00e1n por los micr\u00f3fonos de Radio Luna para contarnos c\u00f3mo est\u00e1n viviendo este inicio de curso. Hoy nos han acompa\u00f1ado Antonio, Juan Luis, Daniela, Laura, Claudia y \u00d3scar de 1\u00ba de ESO H.<\/p>\n\n\n\n<p>Os dejamos con ellos.<\/p>\n\n\n\n<figure class=\"wp-block-audio\"><audio controls src=\"http:\/\/radioluna.iesalbarregas.com\/wp-content\/uploads\/2020\/10\/1\u00ba-ESO-Programa-1.mp3\"><\/audio><\/figure>\n\n\n\n<figure class=\"wp-block-image size-large\"><img loading=\"lazy\" width=\"1024\" height=\"768\" src=\"http:\/\/radioluna.iesalbarregas.com\/wp-content\/uploads\/2020\/10\/IMG_20201021_121633-1-1024x768.jpg\" alt=\"\" class=\"wp-image-800\" srcset=\"http:\/\/radioluna.iesalbarregas.com\/wp-content\/uploads\/2020\/10\/IMG_20201021_121633-1-1024x768.jpg 1024w, http:\/\/radioluna.iesalbarregas.com\/wp-content\/uploads\/2020\/10\/IMG_20201021_121633-1-300x225.jpg 300w, http:\/\/radioluna.iesalbarregas.com\/wp-content\/uploads\/2020\/10\/IMG_20201021_121633-1-768x576.jpg 768w, http:\/\/radioluna.iesalbarregas.com\/wp-content\/uploads\/2020\/10\/IMG_20201021_121633-1-1536x1152.jpg 1536w, http:\/\/radioluna.iesalbarregas.com\/wp-content\/uploads\/2020\/10\/IMG_20201021_121633-1-2048x1536.jpg 2048w, http:\/\/radioluna.iesalbarregas.com\/wp-content\/uploads\/2020\/10\/IMG_20201021_121633-1-400x300.jpg 400w\" sizes=\"(max-width: 1024px) 100vw, 1024px\" \/><figcaption>Estamos de vuelta.<\/figcaption><\/figure>\n","protected":false},"excerpt":{"rendered":"<p>Radio Luna est\u00e1 de vuelta y para comenzar hemos querido escuchar a parte del alumnado de 1\u00ba de la ESO que durante estos primeros programas pasar\u00e1n por los micr\u00f3fonos de Radio Luna para contarnos c\u00f3mo est\u00e1n viviendo este inicio de &hellip; <a href=\"http:\/\/radioluna.iesalbarregas.com\/?p=795\">Sigue leyendo <span class=\"meta-nav\">&rarr;<\/span><\/a><\/p>\n","protected":false},"author":2,"featured_media":0,"comment_status":"closed","ping_status":"closed","sticky":false,"template":"","format":"standard","meta":[],"categories":[9],"tags":[65],"_links":{"self":[{"href":"http:\/\/radioluna.iesalbarregas.com\/index.php?rest_route=\/wp\/v2\/posts\/795"}],"collection":[{"href":"http:\/\/radioluna.iesalbarregas.com\/index.php?rest_route=\/wp\/v2\/posts"}],"about":[{"href":"http:\/\/radioluna.iesalbarregas.com\/index.php?rest_route=\/wp\/v2\/types\/post"}],"author":[{"embeddable":true,"href":"http:\/\/radioluna.iesalbarregas.com\/index.php?rest_route=\/wp\/v2\/users\/2"}],"replies":[{"embeddable":true,"href":"http:\/\/radioluna.iesalbarregas.com\/index.php?rest_route=%2Fwp%2Fv2%2Fcomments&post=795"}],"version-history":[{"count":2,"href":"http:\/\/radioluna.iesalbarregas.com\/index.php?rest_route=\/wp\/v2\/posts\/795\/revisions"}],"predecessor-version":[{"id":801,"href":"http:\/\/radioluna.iesalbarregas.com\/index.php?rest_route=\/wp\/v2\/posts\/795\/revisions\/801"}],"wp:attachment":[{"href":"http:\/\/radioluna.iesalbarregas.com\/index.php?rest_route=%2Fwp%2Fv2%2Fmedia&parent=795"}],"wp:term":[{"taxonomy":"category","embeddable":true,"href":"http:\/\/radioluna.iesalbarregas.com\/index.php?rest_route=%2Fwp%2Fv2%2Fcategories&post=795"},{"taxonomy":"post_tag","embeddable":true,"href":"http:\/\/radioluna.iesalbarregas.com\/index.php?rest_route=%2Fwp%2Fv2%2Ftags&post=795"}],"curies":[{"name":"wp","href":"https:\/\/api.w.org\/{rel}","templated":true}]}}