{"id":78,"date":"2012-09-02T23:54:09","date_gmt":"2012-09-02T22:54:09","guid":{"rendered":"http:\/\/radioluna.iesalbarregas.com\/?p=78"},"modified":"2020-04-05T12:25:31","modified_gmt":"2020-04-05T11:25:31","slug":"especial-semana-cultural-2012","status":"publish","type":"post","link":"http:\/\/radioluna.iesalbarregas.com\/?p=78","title":{"rendered":"Especial Semana Cultural 2012"},"content":{"rendered":"<p style=\"text-align: justify;\">Pues s\u00ed. Ha costado un poco pero RadioLuna presenta dos programas nuevos. En realidad es uno, pero como tiene \u00abmucha chicha\u00bb hemos tenido que dividirlo en dos partes. Se trata de un especial monogr\u00e1fico sobre la Semana Cultural realizada en el IES Albarregas en abril de 2012. Y os preguntar\u00e9is que c\u00f3mo sale contanto retraso&#8230; La explicaci\u00f3n es que RadioLuna se hace con alumnos. Son ellos los que graban y seleccionan qu\u00e9 se emite. En esta ocasi\u00f3n, se hizo todo ese trabajo pero&#8230; lleg\u00f3 mayo y r\u00e1pidamente junio y&#8230; los dichosos ex\u00e1menes, adem\u00e1s de que parte de las energ\u00edas las dedicaron en esa misma \u00e9poca a la realizaci\u00f3n de una obra de teatro con la t\u00e9cnica de las \u00absombras chinas\u00bb (que por cierto tambi\u00e9n se puede ver aqu\u00ed, en la web de RadioLuna). Por eso el montaje, finalmente y sobre el trabajo realizado por las alumnas que forman RadioLuna, se ha hecho durante el verano.<br \/>\nOs recordamos que la Semana Cultural tuvo como hilo conductor la m\u00fasica y tuvimos desde actividades con instrumentos musicales virtuales hasta baile de sal\u00f3n, taller de percusi\u00f3n, actuaci\u00f3n del coro y visita de alumnos de Primaria de los colegios de M\u00e9rida, que tambi\u00e9n aportaron su granito de arena con sus flautas&#8230; Como siempre terminamos el programa con un corto realizado por alumnos de 2\u00ba de bachillerato.<br \/>\nPero hay m\u00e1s. Para verlo, ya sabes&#8230; aqu\u00ed, en RadioLuna. En el men\u00fa \u00ab<a href=\"http:\/\/radioluna.iesalbarregas.com\/?page_id=2\">Programas emitidos<\/a>\u00ab<\/p>\n","protected":false},"excerpt":{"rendered":"<p>Pues s\u00ed. Ha costado un poco pero RadioLuna presenta dos programas nuevos. En realidad es uno, pero como tiene \u00abmucha chicha\u00bb hemos tenido que dividirlo en dos partes. Se trata de un especial monogr\u00e1fico sobre la Semana Cultural realizada en &hellip; <a href=\"http:\/\/radioluna.iesalbarregas.com\/?p=78\">Sigue leyendo <span class=\"meta-nav\">&rarr;<\/span><\/a><\/p>\n","protected":false},"author":1,"featured_media":0,"comment_status":"open","ping_status":"open","sticky":false,"template":"","format":"standard","meta":[],"categories":[44],"tags":[],"_links":{"self":[{"href":"http:\/\/radioluna.iesalbarregas.com\/index.php?rest_route=\/wp\/v2\/posts\/78"}],"collection":[{"href":"http:\/\/radioluna.iesalbarregas.com\/index.php?rest_route=\/wp\/v2\/posts"}],"about":[{"href":"http:\/\/radioluna.iesalbarregas.com\/index.php?rest_route=\/wp\/v2\/types\/post"}],"author":[{"embeddable":true,"href":"http:\/\/radioluna.iesalbarregas.com\/index.php?rest_route=\/wp\/v2\/users\/1"}],"replies":[{"embeddable":true,"href":"http:\/\/radioluna.iesalbarregas.com\/index.php?rest_route=%2Fwp%2Fv2%2Fcomments&post=78"}],"version-history":[{"count":2,"href":"http:\/\/radioluna.iesalbarregas.com\/index.php?rest_route=\/wp\/v2\/posts\/78\/revisions"}],"predecessor-version":[{"id":80,"href":"http:\/\/radioluna.iesalbarregas.com\/index.php?rest_route=\/wp\/v2\/posts\/78\/revisions\/80"}],"wp:attachment":[{"href":"http:\/\/radioluna.iesalbarregas.com\/index.php?rest_route=%2Fwp%2Fv2%2Fmedia&parent=78"}],"wp:term":[{"taxonomy":"category","embeddable":true,"href":"http:\/\/radioluna.iesalbarregas.com\/index.php?rest_route=%2Fwp%2Fv2%2Fcategories&post=78"},{"taxonomy":"post_tag","embeddable":true,"href":"http:\/\/radioluna.iesalbarregas.com\/index.php?rest_route=%2Fwp%2Fv2%2Ftags&post=78"}],"curies":[{"name":"wp","href":"https:\/\/api.w.org\/{rel}","templated":true}]}}