{"id":778,"date":"2020-06-02T21:01:37","date_gmt":"2020-06-02T20:01:37","guid":{"rendered":"http:\/\/radioluna.iesalbarregas.com\/?p=778"},"modified":"2020-10-28T12:44:59","modified_gmt":"2020-10-28T11:44:59","slug":"quedate-en-casa-vol-21","status":"publish","type":"post","link":"http:\/\/radioluna.iesalbarregas.com\/?p=778","title":{"rendered":"Qu\u00e9date en Casa Vol.21"},"content":{"rendered":"\n<p><strong>En el programa de hoy escucharemos una canci\u00f3n de Christina Perri interpretada por Luna Mac\u00edas de 1\u00ba ESO y su amiga Elena Hidalgo. Tambi\u00e9n os traemos la entrevista realizada por alumnos y alumnas de 1\u00ba de ESO junto a la profesora Anal\u00ed Moreira en la visita al Museo Geol\u00f3gico Minero el pasado mes de febrero. No os perd\u00e1is la nueva entrega de la secci\u00f3n Todos Juntos Hacemos un Albarregas m\u00e1s Verde y Morado a cargo de Nuria Ramos. Y como colof\u00f3n la \u00faltima historia de la serie de relatos creados por los alumnos y alumnas de 2\u00ba de Bachillerato A. Trabajazo el que han hecho. Adem\u00e1s la m\u00fasica de Rosana, No Tengas Miedo y Llegaremos a Tiempo. Buen viaje por las ondas.<\/strong><\/p>\n\n\n\n<p>Enlace v\u00eddeo Rosana: <a href=\"https:\/\/www.youtube.com\/watch?v=oMybb6P926Y\">https:\/\/www.youtube.com\/watch?v=oMybb6P926Y<\/a><\/p>\n\n\n\n<figure class=\"wp-block-audio\"><audio controls src=\"http:\/\/radioluna.iesalbarregas.com\/wp-content\/uploads\/2020\/06\/Volumen-21-.mp3\"><\/audio><\/figure>\n\n\n\n<figure class=\"wp-block-image size-large\"><img loading=\"lazy\" width=\"1024\" height=\"576\" src=\"http:\/\/radioluna.iesalbarregas.com\/wp-content\/uploads\/2020\/06\/Aula-vac\u00eda-1024x576.jpg\" alt=\"\" class=\"wp-image-780\" srcset=\"http:\/\/radioluna.iesalbarregas.com\/wp-content\/uploads\/2020\/06\/Aula-vac\u00eda-1024x576.jpg 1024w, http:\/\/radioluna.iesalbarregas.com\/wp-content\/uploads\/2020\/06\/Aula-vac\u00eda-300x169.jpg 300w, http:\/\/radioluna.iesalbarregas.com\/wp-content\/uploads\/2020\/06\/Aula-vac\u00eda-768x432.jpg 768w, http:\/\/radioluna.iesalbarregas.com\/wp-content\/uploads\/2020\/06\/Aula-vac\u00eda-1536x864.jpg 1536w, http:\/\/radioluna.iesalbarregas.com\/wp-content\/uploads\/2020\/06\/Aula-vac\u00eda-500x281.jpg 500w, http:\/\/radioluna.iesalbarregas.com\/wp-content\/uploads\/2020\/06\/Aula-vac\u00eda.jpg 2000w\" sizes=\"(max-width: 1024px) 100vw, 1024px\" \/><figcaption>Sin miedo. Llegaremos a tiempo.<\/figcaption><\/figure>\n","protected":false},"excerpt":{"rendered":"<p>En el programa de hoy escucharemos una canci\u00f3n de Christina Perri interpretada por Luna Mac\u00edas de 1\u00ba ESO y su amiga Elena Hidalgo. Tambi\u00e9n os traemos la entrevista realizada por alumnos y alumnas de 1\u00ba de ESO junto a la &hellip; <a href=\"http:\/\/radioluna.iesalbarregas.com\/?p=778\">Sigue leyendo <span class=\"meta-nav\">&rarr;<\/span><\/a><\/p>\n","protected":false},"author":2,"featured_media":0,"comment_status":"closed","ping_status":"closed","sticky":false,"template":"","format":"standard","meta":[],"categories":[51,9],"tags":[14,26,40],"_links":{"self":[{"href":"http:\/\/radioluna.iesalbarregas.com\/index.php?rest_route=\/wp\/v2\/posts\/778"}],"collection":[{"href":"http:\/\/radioluna.iesalbarregas.com\/index.php?rest_route=\/wp\/v2\/posts"}],"about":[{"href":"http:\/\/radioluna.iesalbarregas.com\/index.php?rest_route=\/wp\/v2\/types\/post"}],"author":[{"embeddable":true,"href":"http:\/\/radioluna.iesalbarregas.com\/index.php?rest_route=\/wp\/v2\/users\/2"}],"replies":[{"embeddable":true,"href":"http:\/\/radioluna.iesalbarregas.com\/index.php?rest_route=%2Fwp%2Fv2%2Fcomments&post=778"}],"version-history":[{"count":1,"href":"http:\/\/radioluna.iesalbarregas.com\/index.php?rest_route=\/wp\/v2\/posts\/778\/revisions"}],"predecessor-version":[{"id":781,"href":"http:\/\/radioluna.iesalbarregas.com\/index.php?rest_route=\/wp\/v2\/posts\/778\/revisions\/781"}],"wp:attachment":[{"href":"http:\/\/radioluna.iesalbarregas.com\/index.php?rest_route=%2Fwp%2Fv2%2Fmedia&parent=778"}],"wp:term":[{"taxonomy":"category","embeddable":true,"href":"http:\/\/radioluna.iesalbarregas.com\/index.php?rest_route=%2Fwp%2Fv2%2Fcategories&post=778"},{"taxonomy":"post_tag","embeddable":true,"href":"http:\/\/radioluna.iesalbarregas.com\/index.php?rest_route=%2Fwp%2Fv2%2Ftags&post=778"}],"curies":[{"name":"wp","href":"https:\/\/api.w.org\/{rel}","templated":true}]}}