{"id":767,"date":"2020-05-14T18:20:02","date_gmt":"2020-05-14T17:20:02","guid":{"rendered":"http:\/\/radioluna.iesalbarregas.com\/?p=767"},"modified":"2020-10-28T12:47:48","modified_gmt":"2020-10-28T11:47:48","slug":"quedate-en-casa-vol-19","status":"publish","type":"post","link":"http:\/\/radioluna.iesalbarregas.com\/?p=767","title":{"rendered":"Qu\u00e9date en Casa Vol.19"},"content":{"rendered":"\n<p><strong>En el programa de hoy Beatriz Rodr\u00edguez, profesora de Educaci\u00f3n F\u00edsica nos habla del Mes de la Salud en el IES Albarregas. Escucharemos a Joel y a Luis de 2\u00ba ESO A y a Daniel de 1\u00baESO C que nos traen importantes consejos relacionados con la salud. Pablo Mimbrero de 2\u00ba Bachillerato A nos trae un relato literario. Nuria Ramos llega con una nueva entrega de la secci\u00f3n Todos Juntos Hacemos un Albarregas m\u00e1s Verde y Morado. Y todo ello con la m\u00fasica de Loquillo, Luis Rodr\u00edguez Madrid y Vetusta Morla<\/strong>.<\/p>\n\n\n\n<p><\/p>\n\n\n\n<figure class=\"wp-block-audio\"><audio controls src=\"http:\/\/radioluna.iesalbarregas.com\/wp-content\/uploads\/2020\/05\/Volumen-19.mp3\"><\/audio><\/figure>\n\n\n\n<figure class=\"wp-block-image size-large\"><img loading=\"lazy\" width=\"1024\" height=\"576\" src=\"http:\/\/radioluna.iesalbarregas.com\/wp-content\/uploads\/2020\/05\/Arco-iris-Albarregas-1024x576.jpg\" alt=\"\" class=\"wp-image-769\" srcset=\"http:\/\/radioluna.iesalbarregas.com\/wp-content\/uploads\/2020\/05\/Arco-iris-Albarregas-1024x576.jpg 1024w, http:\/\/radioluna.iesalbarregas.com\/wp-content\/uploads\/2020\/05\/Arco-iris-Albarregas-300x169.jpg 300w, http:\/\/radioluna.iesalbarregas.com\/wp-content\/uploads\/2020\/05\/Arco-iris-Albarregas-768x432.jpg 768w, http:\/\/radioluna.iesalbarregas.com\/wp-content\/uploads\/2020\/05\/Arco-iris-Albarregas-1536x864.jpg 1536w, http:\/\/radioluna.iesalbarregas.com\/wp-content\/uploads\/2020\/05\/Arco-iris-Albarregas-500x281.jpg 500w, http:\/\/radioluna.iesalbarregas.com\/wp-content\/uploads\/2020\/05\/Arco-iris-Albarregas.jpg 2000w\" sizes=\"(max-width: 1024px) 100vw, 1024px\" \/><\/figure>\n\n\n\n<figure class=\"wp-block-embed-youtube wp-block-embed is-type-video is-provider-youtube wp-embed-aspect-16-9 wp-has-aspect-ratio\"><div class=\"wp-block-embed__wrapper\">\n<iframe loading=\"lazy\" title=\"Vetusta Morla - Los Abrazos Prohibidos feat Joaquin Sabina, Leiva, Kase.O, Rozal\u00e9n...\" width=\"584\" height=\"329\" src=\"https:\/\/www.youtube.com\/embed\/t_Lsd76Erfg?feature=oembed\" frameborder=\"0\" allow=\"accelerometer; autoplay; encrypted-media; gyroscope; picture-in-picture\" allowfullscreen><\/iframe>\n<\/div><\/figure>\n","protected":false},"excerpt":{"rendered":"<p>En el programa de hoy Beatriz Rodr\u00edguez, profesora de Educaci\u00f3n F\u00edsica nos habla del Mes de la Salud en el IES Albarregas. Escucharemos a Joel y a Luis de 2\u00ba ESO A y a Daniel de 1\u00baESO C que nos &hellip; <a href=\"http:\/\/radioluna.iesalbarregas.com\/?p=767\">Sigue leyendo <span class=\"meta-nav\">&rarr;<\/span><\/a><\/p>\n","protected":false},"author":2,"featured_media":0,"comment_status":"closed","ping_status":"closed","sticky":false,"template":"","format":"standard","meta":[],"categories":[51,9],"tags":[23,26,11,40],"_links":{"self":[{"href":"http:\/\/radioluna.iesalbarregas.com\/index.php?rest_route=\/wp\/v2\/posts\/767"}],"collection":[{"href":"http:\/\/radioluna.iesalbarregas.com\/index.php?rest_route=\/wp\/v2\/posts"}],"about":[{"href":"http:\/\/radioluna.iesalbarregas.com\/index.php?rest_route=\/wp\/v2\/types\/post"}],"author":[{"embeddable":true,"href":"http:\/\/radioluna.iesalbarregas.com\/index.php?rest_route=\/wp\/v2\/users\/2"}],"replies":[{"embeddable":true,"href":"http:\/\/radioluna.iesalbarregas.com\/index.php?rest_route=%2Fwp%2Fv2%2Fcomments&post=767"}],"version-history":[{"count":2,"href":"http:\/\/radioluna.iesalbarregas.com\/index.php?rest_route=\/wp\/v2\/posts\/767\/revisions"}],"predecessor-version":[{"id":771,"href":"http:\/\/radioluna.iesalbarregas.com\/index.php?rest_route=\/wp\/v2\/posts\/767\/revisions\/771"}],"wp:attachment":[{"href":"http:\/\/radioluna.iesalbarregas.com\/index.php?rest_route=%2Fwp%2Fv2%2Fmedia&parent=767"}],"wp:term":[{"taxonomy":"category","embeddable":true,"href":"http:\/\/radioluna.iesalbarregas.com\/index.php?rest_route=%2Fwp%2Fv2%2Fcategories&post=767"},{"taxonomy":"post_tag","embeddable":true,"href":"http:\/\/radioluna.iesalbarregas.com\/index.php?rest_route=%2Fwp%2Fv2%2Ftags&post=767"}],"curies":[{"name":"wp","href":"https:\/\/api.w.org\/{rel}","templated":true}]}}