{"id":746,"date":"2020-04-22T08:26:12","date_gmt":"2020-04-22T07:26:12","guid":{"rendered":"http:\/\/radioluna.iesalbarregas.com\/?p=746"},"modified":"2020-10-28T12:48:20","modified_gmt":"2020-10-28T11:48:20","slug":"quedate-en-casa-vol-15","status":"publish","type":"post","link":"http:\/\/radioluna.iesalbarregas.com\/?p=746","title":{"rendered":"Qu\u00e9date en Casa Vol.15"},"content":{"rendered":"\n<p><strong>En este Volumen 15 de Radio Luna podr\u00e9is escuchar a Miguel \u00c1ngel Lama, profesor de Literatura Espa\u00f1ola en la Universidad de Extremadura. La m\u00fasica del guitarrista emeritense Luis Rodr\u00edguez Madrid. Una nueva entrega de la secci\u00f3n \u201cTodos juntos hacemos un Albarregas m\u00e1s Verde y Morado\u201d a cargo de Nuria Ramos. Un nuevo relato de alumnos de 2\u00ba de Bachillerato A, hoy el de Marco Gravera. Una nueva entrega de Extremadura Secreta a cargo de Israel J. Espino. Y tambi\u00e9n la m\u00fasica de El Kanka, Rozal\u00e9n y Marea. Que lo disfrut\u00e9is.<\/strong><\/p>\n\n\n\n<p><strong>Blog de Miguel \u00c1ngel Lama:<\/strong> <a href=\"http:\/\/malama.blogspot.com\/\">http:\/\/malama.blogspot.com\/<\/a><\/p>\n\n\n\n<p><strong>Canal de Youtube de Luis Rodr\u00edguez: <\/strong><a href=\"https:\/\/www.youtube.com\/channel\/UCak8VIwsmw_H8SeWj7LF5jA\">https:\/\/www.youtube.com\/channel\/UCak8VIwsmw_H8SeWj7LF5jA<\/a><\/p>\n\n\n\n<p><\/p>\n\n\n\n<figure class=\"wp-block-audio\"><audio controls src=\"http:\/\/radioluna.iesalbarregas.com\/wp-content\/uploads\/2020\/04\/Volumen-15.mp3\"><\/audio><\/figure>\n\n\n\n<figure class=\"wp-block-image size-large\"><img loading=\"lazy\" width=\"960\" height=\"540\" src=\"http:\/\/radioluna.iesalbarregas.com\/wp-content\/uploads\/2020\/04\/cumple-anos-2247664_960_720.jpg\" alt=\"\" class=\"wp-image-748\" srcset=\"http:\/\/radioluna.iesalbarregas.com\/wp-content\/uploads\/2020\/04\/cumple-anos-2247664_960_720.jpg 960w, http:\/\/radioluna.iesalbarregas.com\/wp-content\/uploads\/2020\/04\/cumple-anos-2247664_960_720-300x169.jpg 300w, http:\/\/radioluna.iesalbarregas.com\/wp-content\/uploads\/2020\/04\/cumple-anos-2247664_960_720-768x432.jpg 768w, http:\/\/radioluna.iesalbarregas.com\/wp-content\/uploads\/2020\/04\/cumple-anos-2247664_960_720-500x281.jpg 500w\" sizes=\"(max-width: 960px) 100vw, 960px\" \/><figcaption>Para las \u00abcumplea\u00f1eras\u00bb y los \u00abcumplea\u00f1eros\u00bb Felicidades.<\/figcaption><\/figure>\n","protected":false},"excerpt":{"rendered":"<p>En este Volumen 15 de Radio Luna podr\u00e9is escuchar a Miguel \u00c1ngel Lama, profesor de Literatura Espa\u00f1ola en la Universidad de Extremadura. La m\u00fasica del guitarrista emeritense Luis Rodr\u00edguez Madrid. Una nueva entrega de la secci\u00f3n \u201cTodos juntos hacemos un &hellip; <a href=\"http:\/\/radioluna.iesalbarregas.com\/?p=746\">Sigue leyendo <span class=\"meta-nav\">&rarr;<\/span><\/a><\/p>\n","protected":false},"author":2,"featured_media":0,"comment_status":"closed","ping_status":"closed","sticky":false,"template":"","format":"standard","meta":[],"categories":[51,9],"tags":[31,12,26,11,40,37],"_links":{"self":[{"href":"http:\/\/radioluna.iesalbarregas.com\/index.php?rest_route=\/wp\/v2\/posts\/746"}],"collection":[{"href":"http:\/\/radioluna.iesalbarregas.com\/index.php?rest_route=\/wp\/v2\/posts"}],"about":[{"href":"http:\/\/radioluna.iesalbarregas.com\/index.php?rest_route=\/wp\/v2\/types\/post"}],"author":[{"embeddable":true,"href":"http:\/\/radioluna.iesalbarregas.com\/index.php?rest_route=\/wp\/v2\/users\/2"}],"replies":[{"embeddable":true,"href":"http:\/\/radioluna.iesalbarregas.com\/index.php?rest_route=%2Fwp%2Fv2%2Fcomments&post=746"}],"version-history":[{"count":1,"href":"http:\/\/radioluna.iesalbarregas.com\/index.php?rest_route=\/wp\/v2\/posts\/746\/revisions"}],"predecessor-version":[{"id":749,"href":"http:\/\/radioluna.iesalbarregas.com\/index.php?rest_route=\/wp\/v2\/posts\/746\/revisions\/749"}],"wp:attachment":[{"href":"http:\/\/radioluna.iesalbarregas.com\/index.php?rest_route=%2Fwp%2Fv2%2Fmedia&parent=746"}],"wp:term":[{"taxonomy":"category","embeddable":true,"href":"http:\/\/radioluna.iesalbarregas.com\/index.php?rest_route=%2Fwp%2Fv2%2Fcategories&post=746"},{"taxonomy":"post_tag","embeddable":true,"href":"http:\/\/radioluna.iesalbarregas.com\/index.php?rest_route=%2Fwp%2Fv2%2Ftags&post=746"}],"curies":[{"name":"wp","href":"https:\/\/api.w.org\/{rel}","templated":true}]}}