{"id":689,"date":"2020-04-06T09:03:05","date_gmt":"2020-04-06T08:03:05","guid":{"rendered":"http:\/\/radioluna.iesalbarregas.com\/?p=689"},"modified":"2020-10-28T12:49:06","modified_gmt":"2020-10-28T11:49:06","slug":"quedate-en-casa-vol-8","status":"publish","type":"post","link":"http:\/\/radioluna.iesalbarregas.com\/?p=689","title":{"rendered":"Qu\u00e9date en Casa Vol.8"},"content":{"rendered":"\n<p>Estas vacaciones de Semana Santa Radio Luna se queda en casa, con vosotros. Estad atentos porque durante la semana seguiremos subiendo programas. Hoy os traemos el volumen 8 en el que escuchar\u00e9is una nueva colaboraci\u00f3n musical de Miguel \u00c1ngel Serradilla, as\u00ed como una entrevista al escritor extreme\u00f1o Javier P\u00e9rez Walias realizada por Justo Caballero y alumnos de 1\u00ba de Bachillerato en el Aula Literaria \u201cJes\u00fas Delgado Valhondo\u201d. M\u00fasica, Literatura y Fuerza.<\/p>\n\n\n\n<figure class=\"wp-block-audio\"><audio controls src=\"http:\/\/radioluna.iesalbarregas.com\/wp-content\/uploads\/2020\/04\/Volumen-8-.mp3\"><\/audio><\/figure>\n\n\n\n<figure class=\"wp-block-image size-large\"><img loading=\"lazy\" width=\"1024\" height=\"723\" src=\"http:\/\/radioluna.iesalbarregas.com\/wp-content\/uploads\/2020\/04\/IMG-20200401-WA0009-1024x723.jpg\" alt=\"\" class=\"wp-image-691\" srcset=\"http:\/\/radioluna.iesalbarregas.com\/wp-content\/uploads\/2020\/04\/IMG-20200401-WA0009-1024x723.jpg 1024w, http:\/\/radioluna.iesalbarregas.com\/wp-content\/uploads\/2020\/04\/IMG-20200401-WA0009-300x212.jpg 300w, http:\/\/radioluna.iesalbarregas.com\/wp-content\/uploads\/2020\/04\/IMG-20200401-WA0009-768x542.jpg 768w, http:\/\/radioluna.iesalbarregas.com\/wp-content\/uploads\/2020\/04\/IMG-20200401-WA0009-1536x1084.jpg 1536w, http:\/\/radioluna.iesalbarregas.com\/wp-content\/uploads\/2020\/04\/IMG-20200401-WA0009-425x300.jpg 425w, http:\/\/radioluna.iesalbarregas.com\/wp-content\/uploads\/2020\/04\/IMG-20200401-WA0009.jpg 1600w\" sizes=\"(max-width: 1024px) 100vw, 1024px\" \/><figcaption><br><strong>Dibujo realizado por Carmen Gragera Moreira (9 a\u00f1os)<\/strong><\/figcaption><\/figure>\n","protected":false},"excerpt":{"rendered":"<p>Estas vacaciones de Semana Santa Radio Luna se queda en casa, con vosotros. Estad atentos porque durante la semana seguiremos subiendo programas. Hoy os traemos el volumen 8 en el que escuchar\u00e9is una nueva colaboraci\u00f3n musical de Miguel \u00c1ngel Serradilla, &hellip; <a href=\"http:\/\/radioluna.iesalbarregas.com\/?p=689\">Sigue leyendo <span class=\"meta-nav\">&rarr;<\/span><\/a><\/p>\n","protected":false},"author":2,"featured_media":0,"comment_status":"open","ping_status":"open","sticky":false,"template":"","format":"standard","meta":[],"categories":[51,9],"tags":[12,45,39,11],"_links":{"self":[{"href":"http:\/\/radioluna.iesalbarregas.com\/index.php?rest_route=\/wp\/v2\/posts\/689"}],"collection":[{"href":"http:\/\/radioluna.iesalbarregas.com\/index.php?rest_route=\/wp\/v2\/posts"}],"about":[{"href":"http:\/\/radioluna.iesalbarregas.com\/index.php?rest_route=\/wp\/v2\/types\/post"}],"author":[{"embeddable":true,"href":"http:\/\/radioluna.iesalbarregas.com\/index.php?rest_route=\/wp\/v2\/users\/2"}],"replies":[{"embeddable":true,"href":"http:\/\/radioluna.iesalbarregas.com\/index.php?rest_route=%2Fwp%2Fv2%2Fcomments&post=689"}],"version-history":[{"count":4,"href":"http:\/\/radioluna.iesalbarregas.com\/index.php?rest_route=\/wp\/v2\/posts\/689\/revisions"}],"predecessor-version":[{"id":712,"href":"http:\/\/radioluna.iesalbarregas.com\/index.php?rest_route=\/wp\/v2\/posts\/689\/revisions\/712"}],"wp:attachment":[{"href":"http:\/\/radioluna.iesalbarregas.com\/index.php?rest_route=%2Fwp%2Fv2%2Fmedia&parent=689"}],"wp:term":[{"taxonomy":"category","embeddable":true,"href":"http:\/\/radioluna.iesalbarregas.com\/index.php?rest_route=%2Fwp%2Fv2%2Fcategories&post=689"},{"taxonomy":"post_tag","embeddable":true,"href":"http:\/\/radioluna.iesalbarregas.com\/index.php?rest_route=%2Fwp%2Fv2%2Ftags&post=689"}],"curies":[{"name":"wp","href":"https:\/\/api.w.org\/{rel}","templated":true}]}}