{"id":626,"date":"2020-04-03T08:35:50","date_gmt":"2020-04-03T07:35:50","guid":{"rendered":"http:\/\/radioluna.iesalbarregas.com\/?p=626"},"modified":"2020-10-28T12:49:28","modified_gmt":"2020-10-28T11:49:28","slug":"quedate-en-casa-vol-7","status":"publish","type":"post","link":"http:\/\/radioluna.iesalbarregas.com\/?p=626","title":{"rendered":"Qu\u00e9date en Casa Vol.7"},"content":{"rendered":"\n<p><strong>Ya est\u00e1 aqu\u00ed el Volumen 7 de Qu\u00e9date en casa. S\u00ed, s\u00ed, hab\u00e9is le\u00eddo bien Volumen 7. En el programa de hoy participan el Maestro Carri\u00f3n desde Sevilla, los profes Jaime, Anal\u00ed y Jos\u00e9 Antonio del IES Albarregas; el alumno de 2\u00ba Bach Dani y nuestro amigo y compa\u00f1ero Rafa Serrano. Espero que lo disfrut\u00e9is. No nos vemos cara a cara, pero nos o\u00edmos y nos leemos. Fuerza.<\/strong><\/p>\n\n\n\n<figure class=\"wp-block-audio\"><audio controls src=\"http:\/\/radioluna.iesalbarregas.com\/wp-content\/uploads\/2020\/04\/Volumen-7.mp3\"><\/audio><\/figure>\n\n\n\n<figure class=\"wp-block-image size-large\"><img loading=\"lazy\" width=\"1024\" height=\"768\" src=\"http:\/\/radioluna.iesalbarregas.com\/wp-content\/uploads\/2020\/04\/IMG-20200326-WA0000-1024x768.jpg\" alt=\"\" class=\"wp-image-628\" srcset=\"http:\/\/radioluna.iesalbarregas.com\/wp-content\/uploads\/2020\/04\/IMG-20200326-WA0000-1024x768.jpg 1024w, http:\/\/radioluna.iesalbarregas.com\/wp-content\/uploads\/2020\/04\/IMG-20200326-WA0000-300x225.jpg 300w, http:\/\/radioluna.iesalbarregas.com\/wp-content\/uploads\/2020\/04\/IMG-20200326-WA0000-768x576.jpg 768w, http:\/\/radioluna.iesalbarregas.com\/wp-content\/uploads\/2020\/04\/IMG-20200326-WA0000-1536x1152.jpg 1536w, http:\/\/radioluna.iesalbarregas.com\/wp-content\/uploads\/2020\/04\/IMG-20200326-WA0000-400x300.jpg 400w, http:\/\/radioluna.iesalbarregas.com\/wp-content\/uploads\/2020\/04\/IMG-20200326-WA0000.jpg 2016w\" sizes=\"(max-width: 1024px) 100vw, 1024px\" \/><figcaption>Dibujo cortes\u00eda de Carmen Gragera Moreira , 9 a\u00f1os. GRACIAS.<\/figcaption><\/figure>\n","protected":false},"excerpt":{"rendered":"<p>Ya est\u00e1 aqu\u00ed el Volumen 7 de Qu\u00e9date en casa. S\u00ed, s\u00ed, hab\u00e9is le\u00eddo bien Volumen 7. En el programa de hoy participan el Maestro Carri\u00f3n desde Sevilla, los profes Jaime, Anal\u00ed y Jos\u00e9 Antonio del IES Albarregas; el alumno &hellip; <a href=\"http:\/\/radioluna.iesalbarregas.com\/?p=626\">Sigue leyendo <span class=\"meta-nav\">&rarr;<\/span><\/a><\/p>\n","protected":false},"author":2,"featured_media":0,"comment_status":"open","ping_status":"open","sticky":false,"template":"","format":"standard","meta":[],"categories":[51,9],"tags":[14,27,43,26,11],"_links":{"self":[{"href":"http:\/\/radioluna.iesalbarregas.com\/index.php?rest_route=\/wp\/v2\/posts\/626"}],"collection":[{"href":"http:\/\/radioluna.iesalbarregas.com\/index.php?rest_route=\/wp\/v2\/posts"}],"about":[{"href":"http:\/\/radioluna.iesalbarregas.com\/index.php?rest_route=\/wp\/v2\/types\/post"}],"author":[{"embeddable":true,"href":"http:\/\/radioluna.iesalbarregas.com\/index.php?rest_route=\/wp\/v2\/users\/2"}],"replies":[{"embeddable":true,"href":"http:\/\/radioluna.iesalbarregas.com\/index.php?rest_route=%2Fwp%2Fv2%2Fcomments&post=626"}],"version-history":[{"count":2,"href":"http:\/\/radioluna.iesalbarregas.com\/index.php?rest_route=\/wp\/v2\/posts\/626\/revisions"}],"predecessor-version":[{"id":718,"href":"http:\/\/radioluna.iesalbarregas.com\/index.php?rest_route=\/wp\/v2\/posts\/626\/revisions\/718"}],"wp:attachment":[{"href":"http:\/\/radioluna.iesalbarregas.com\/index.php?rest_route=%2Fwp%2Fv2%2Fmedia&parent=626"}],"wp:term":[{"taxonomy":"category","embeddable":true,"href":"http:\/\/radioluna.iesalbarregas.com\/index.php?rest_route=%2Fwp%2Fv2%2Fcategories&post=626"},{"taxonomy":"post_tag","embeddable":true,"href":"http:\/\/radioluna.iesalbarregas.com\/index.php?rest_route=%2Fwp%2Fv2%2Ftags&post=626"}],"curies":[{"name":"wp","href":"https:\/\/api.w.org\/{rel}","templated":true}]}}