{"id":622,"date":"2020-04-01T09:36:10","date_gmt":"2020-04-01T08:36:10","guid":{"rendered":"http:\/\/radioluna.iesalbarregas.com\/?p=622"},"modified":"2020-10-28T12:49:32","modified_gmt":"2020-10-28T11:49:32","slug":"quedate-en-casa-vol-6","status":"publish","type":"post","link":"http:\/\/radioluna.iesalbarregas.com\/?p=622","title":{"rendered":"Qu\u00e9date en Casa Vol.6"},"content":{"rendered":"\n<p><strong>Aqu\u00ed ten\u00e9is el Volumen 6 de Qu\u00e9date en casa. Programa en el que podr\u00e9is escuchar a nuestra antigua compa\u00f1era en el IES Albarregas, Mag\u00fci, a Bea, profesora de Educaci\u00f3n F\u00edsica, una entrevista en Canal Extremadura TV a Adriano Donoso de 1\u00ba de ESO, un mensaje dedicado a todos los docentes y por supuesto buena m\u00fasica. Fuerza.<\/strong><\/p>\n\n\n\n<figure class=\"wp-block-audio\"><audio controls src=\"http:\/\/radioluna.iesalbarregas.com\/wp-content\/uploads\/2020\/04\/Vol-6-con-Cu\u00f1a-.mp3\"><\/audio><\/figure>\n\n\n\n<figure class=\"wp-block-image size-large\"><img loading=\"lazy\" width=\"1024\" height=\"768\" src=\"http:\/\/radioluna.iesalbarregas.com\/wp-content\/uploads\/2020\/04\/IMG_20200323_213149-1-1024x768.jpg\" alt=\"\" class=\"wp-image-623\" srcset=\"http:\/\/radioluna.iesalbarregas.com\/wp-content\/uploads\/2020\/04\/IMG_20200323_213149-1-1024x768.jpg 1024w, http:\/\/radioluna.iesalbarregas.com\/wp-content\/uploads\/2020\/04\/IMG_20200323_213149-1-300x225.jpg 300w, http:\/\/radioluna.iesalbarregas.com\/wp-content\/uploads\/2020\/04\/IMG_20200323_213149-1-768x576.jpg 768w, http:\/\/radioluna.iesalbarregas.com\/wp-content\/uploads\/2020\/04\/IMG_20200323_213149-1-1536x1152.jpg 1536w, http:\/\/radioluna.iesalbarregas.com\/wp-content\/uploads\/2020\/04\/IMG_20200323_213149-1-400x300.jpg 400w, http:\/\/radioluna.iesalbarregas.com\/wp-content\/uploads\/2020\/04\/IMG_20200323_213149-1.jpg 1600w\" sizes=\"(max-width: 1024px) 100vw, 1024px\" \/><\/figure>\n","protected":false},"excerpt":{"rendered":"<p>Aqu\u00ed ten\u00e9is el Volumen 6 de Qu\u00e9date en casa. Programa en el que podr\u00e9is escuchar a nuestra antigua compa\u00f1era en el IES Albarregas, Mag\u00fci, a Bea, profesora de Educaci\u00f3n F\u00edsica, una entrevista en Canal Extremadura TV a Adriano Donoso de &hellip; <a href=\"http:\/\/radioluna.iesalbarregas.com\/?p=622\">Sigue leyendo <span class=\"meta-nav\">&rarr;<\/span><\/a><\/p>\n","protected":false},"author":2,"featured_media":0,"comment_status":"open","ping_status":"open","sticky":false,"template":"","format":"standard","meta":[],"categories":[51,9],"tags":[23,11],"_links":{"self":[{"href":"http:\/\/radioluna.iesalbarregas.com\/index.php?rest_route=\/wp\/v2\/posts\/622"}],"collection":[{"href":"http:\/\/radioluna.iesalbarregas.com\/index.php?rest_route=\/wp\/v2\/posts"}],"about":[{"href":"http:\/\/radioluna.iesalbarregas.com\/index.php?rest_route=\/wp\/v2\/types\/post"}],"author":[{"embeddable":true,"href":"http:\/\/radioluna.iesalbarregas.com\/index.php?rest_route=\/wp\/v2\/users\/2"}],"replies":[{"embeddable":true,"href":"http:\/\/radioluna.iesalbarregas.com\/index.php?rest_route=%2Fwp%2Fv2%2Fcomments&post=622"}],"version-history":[{"count":2,"href":"http:\/\/radioluna.iesalbarregas.com\/index.php?rest_route=\/wp\/v2\/posts\/622\/revisions"}],"predecessor-version":[{"id":726,"href":"http:\/\/radioluna.iesalbarregas.com\/index.php?rest_route=\/wp\/v2\/posts\/622\/revisions\/726"}],"wp:attachment":[{"href":"http:\/\/radioluna.iesalbarregas.com\/index.php?rest_route=%2Fwp%2Fv2%2Fmedia&parent=622"}],"wp:term":[{"taxonomy":"category","embeddable":true,"href":"http:\/\/radioluna.iesalbarregas.com\/index.php?rest_route=%2Fwp%2Fv2%2Fcategories&post=622"},{"taxonomy":"post_tag","embeddable":true,"href":"http:\/\/radioluna.iesalbarregas.com\/index.php?rest_route=%2Fwp%2Fv2%2Ftags&post=622"}],"curies":[{"name":"wp","href":"https:\/\/api.w.org\/{rel}","templated":true}]}}