{"id":596,"date":"2020-03-25T20:29:10","date_gmt":"2020-03-25T19:29:10","guid":{"rendered":"http:\/\/radioluna.iesalbarregas.com\/?p=596"},"modified":"2020-10-28T12:49:44","modified_gmt":"2020-10-28T11:49:44","slug":"quedate-en-casa-vol-3","status":"publish","type":"post","link":"http:\/\/radioluna.iesalbarregas.com\/?p=596","title":{"rendered":"Qu\u00e9date en Casa Vol.3"},"content":{"rendered":"\n<p>En el programa de hoy Elena y Dani, profes de M\u00fasica se han marcado un <em>\u201cBuenos D\u00edas Dani y Jelen\u201d <\/em>que han preparado con mucha ilusi\u00f3n para esta serie de programas Qu\u00e9date en Casa. Una interesante charla que seguro os har\u00e1 pasar un ratito divertido y agradable. He aqu\u00ed el Qu\u00e9date en Casa. Vol.3 Especial Dani y Jelen.<\/p>\n\n\n\n<figure class=\"wp-block-audio\"><audio controls src=\"http:\/\/radioluna.iesalbarregas.com\/wp-content\/uploads\/2020\/03\/Volumen-3.lite_.mp3\"><\/audio><\/figure>\n\n\n\n<figure class=\"wp-block-image size-large\"><img loading=\"lazy\" width=\"400\" height=\"711\" src=\"http:\/\/radioluna.iesalbarregas.com\/wp-content\/uploads\/2020\/03\/IMG-20200325-WA0002_opt-1.jpg\" alt=\"\" class=\"wp-image-598\" srcset=\"http:\/\/radioluna.iesalbarregas.com\/wp-content\/uploads\/2020\/03\/IMG-20200325-WA0002_opt-1.jpg 400w, http:\/\/radioluna.iesalbarregas.com\/wp-content\/uploads\/2020\/03\/IMG-20200325-WA0002_opt-1-169x300.jpg 169w\" sizes=\"(max-width: 400px) 100vw, 400px\" \/><\/figure>\n","protected":false},"excerpt":{"rendered":"<p>En el programa de hoy Elena y Dani, profes de M\u00fasica se han marcado un \u201cBuenos D\u00edas Dani y Jelen\u201d que han preparado con mucha ilusi\u00f3n para esta serie de programas Qu\u00e9date en Casa. Una interesante charla que seguro os &hellip; <a href=\"http:\/\/radioluna.iesalbarregas.com\/?p=596\">Sigue leyendo <span class=\"meta-nav\">&rarr;<\/span><\/a><\/p>\n","protected":false},"author":2,"featured_media":0,"comment_status":"open","ping_status":"open","sticky":false,"template":"","format":"standard","meta":[],"categories":[51,9],"tags":[32,31],"_links":{"self":[{"href":"http:\/\/radioluna.iesalbarregas.com\/index.php?rest_route=\/wp\/v2\/posts\/596"}],"collection":[{"href":"http:\/\/radioluna.iesalbarregas.com\/index.php?rest_route=\/wp\/v2\/posts"}],"about":[{"href":"http:\/\/radioluna.iesalbarregas.com\/index.php?rest_route=\/wp\/v2\/types\/post"}],"author":[{"embeddable":true,"href":"http:\/\/radioluna.iesalbarregas.com\/index.php?rest_route=\/wp\/v2\/users\/2"}],"replies":[{"embeddable":true,"href":"http:\/\/radioluna.iesalbarregas.com\/index.php?rest_route=%2Fwp%2Fv2%2Fcomments&post=596"}],"version-history":[{"count":1,"href":"http:\/\/radioluna.iesalbarregas.com\/index.php?rest_route=\/wp\/v2\/posts\/596\/revisions"}],"predecessor-version":[{"id":599,"href":"http:\/\/radioluna.iesalbarregas.com\/index.php?rest_route=\/wp\/v2\/posts\/596\/revisions\/599"}],"wp:attachment":[{"href":"http:\/\/radioluna.iesalbarregas.com\/index.php?rest_route=%2Fwp%2Fv2%2Fmedia&parent=596"}],"wp:term":[{"taxonomy":"category","embeddable":true,"href":"http:\/\/radioluna.iesalbarregas.com\/index.php?rest_route=%2Fwp%2Fv2%2Fcategories&post=596"},{"taxonomy":"post_tag","embeddable":true,"href":"http:\/\/radioluna.iesalbarregas.com\/index.php?rest_route=%2Fwp%2Fv2%2Ftags&post=596"}],"curies":[{"name":"wp","href":"https:\/\/api.w.org\/{rel}","templated":true}]}}