{"id":556,"date":"2020-03-21T19:40:27","date_gmt":"2020-03-21T18:40:27","guid":{"rendered":"http:\/\/radioluna.iesalbarregas.com\/?p=556"},"modified":"2020-10-28T12:53:36","modified_gmt":"2020-10-28T11:53:36","slug":"dia-de-la-mujerprograma-muevete","status":"publish","type":"post","link":"http:\/\/radioluna.iesalbarregas.com\/?p=556","title":{"rendered":"D\u00eda de la Mujer+Programa Mu\u00e9vete."},"content":{"rendered":"\n<p>En este programa podr\u00e9is escuchar a LuzMari, Mar\u00eda, Awatif y Claudia de 3\u00ba hablar sobre el D\u00eda de la Mujer y entrevistar a dos profesoras que visitaron el IES Albarregas con motivo del Programa Mu\u00e9vete. Desde Radio Luna queremos agradecerles su visita al IES Albarregas esperando que \u00e9sta fuese productiva. Hasta pronto.<\/p>\n\n\n\n<figure class=\"wp-block-audio\"><audio controls src=\"http:\/\/radioluna.iesalbarregas.com\/wp-content\/uploads\/2020\/03\/D\u00eda-de-la-Mujer-y-Mu\u00e9vete.mp3\"><\/audio><\/figure>\n\n\n\n<figure class=\"wp-block-image size-large\"><img loading=\"lazy\" width=\"1024\" height=\"768\" src=\"http:\/\/radioluna.iesalbarregas.com\/wp-content\/uploads\/2020\/03\/Mu\u00e9vete-1-1024x768.jpg\" alt=\"\" class=\"wp-image-558\" srcset=\"http:\/\/radioluna.iesalbarregas.com\/wp-content\/uploads\/2020\/03\/Mu\u00e9vete-1-1024x768.jpg 1024w, http:\/\/radioluna.iesalbarregas.com\/wp-content\/uploads\/2020\/03\/Mu\u00e9vete-1-300x225.jpg 300w, http:\/\/radioluna.iesalbarregas.com\/wp-content\/uploads\/2020\/03\/Mu\u00e9vete-1-768x576.jpg 768w, http:\/\/radioluna.iesalbarregas.com\/wp-content\/uploads\/2020\/03\/Mu\u00e9vete-1-1536x1152.jpg 1536w, http:\/\/radioluna.iesalbarregas.com\/wp-content\/uploads\/2020\/03\/Mu\u00e9vete-1-2048x1536.jpg 2048w, http:\/\/radioluna.iesalbarregas.com\/wp-content\/uploads\/2020\/03\/Mu\u00e9vete-1-400x300.jpg 400w\" sizes=\"(max-width: 1024px) 100vw, 1024px\" \/><\/figure>\n\n\n\n<figure class=\"wp-block-image size-large\"><img loading=\"lazy\" width=\"1024\" height=\"768\" src=\"http:\/\/radioluna.iesalbarregas.com\/wp-content\/uploads\/2020\/03\/Mu\u00e9vete-2-1024x768.jpg\" alt=\"\" class=\"wp-image-559\" srcset=\"http:\/\/radioluna.iesalbarregas.com\/wp-content\/uploads\/2020\/03\/Mu\u00e9vete-2-1024x768.jpg 1024w, http:\/\/radioluna.iesalbarregas.com\/wp-content\/uploads\/2020\/03\/Mu\u00e9vete-2-300x225.jpg 300w, http:\/\/radioluna.iesalbarregas.com\/wp-content\/uploads\/2020\/03\/Mu\u00e9vete-2-768x576.jpg 768w, http:\/\/radioluna.iesalbarregas.com\/wp-content\/uploads\/2020\/03\/Mu\u00e9vete-2-1536x1152.jpg 1536w, http:\/\/radioluna.iesalbarregas.com\/wp-content\/uploads\/2020\/03\/Mu\u00e9vete-2-2048x1536.jpg 2048w, http:\/\/radioluna.iesalbarregas.com\/wp-content\/uploads\/2020\/03\/Mu\u00e9vete-2-400x300.jpg 400w\" sizes=\"(max-width: 1024px) 100vw, 1024px\" \/><\/figure>\n","protected":false},"excerpt":{"rendered":"<p>En este programa podr\u00e9is escuchar a LuzMari, Mar\u00eda, Awatif y Claudia de 3\u00ba hablar sobre el D\u00eda de la Mujer y entrevistar a dos profesoras que visitaron el IES Albarregas con motivo del Programa Mu\u00e9vete. Desde Radio Luna queremos agradecerles &hellip; <a href=\"http:\/\/radioluna.iesalbarregas.com\/?p=556\">Sigue leyendo <span class=\"meta-nav\">&rarr;<\/span><\/a><\/p>\n","protected":false},"author":2,"featured_media":0,"comment_status":"open","ping_status":"open","sticky":false,"template":"","format":"standard","meta":[],"categories":[53,9],"tags":[13,11],"_links":{"self":[{"href":"http:\/\/radioluna.iesalbarregas.com\/index.php?rest_route=\/wp\/v2\/posts\/556"}],"collection":[{"href":"http:\/\/radioluna.iesalbarregas.com\/index.php?rest_route=\/wp\/v2\/posts"}],"about":[{"href":"http:\/\/radioluna.iesalbarregas.com\/index.php?rest_route=\/wp\/v2\/types\/post"}],"author":[{"embeddable":true,"href":"http:\/\/radioluna.iesalbarregas.com\/index.php?rest_route=\/wp\/v2\/users\/2"}],"replies":[{"embeddable":true,"href":"http:\/\/radioluna.iesalbarregas.com\/index.php?rest_route=%2Fwp%2Fv2%2Fcomments&post=556"}],"version-history":[{"count":2,"href":"http:\/\/radioluna.iesalbarregas.com\/index.php?rest_route=\/wp\/v2\/posts\/556\/revisions"}],"predecessor-version":[{"id":565,"href":"http:\/\/radioluna.iesalbarregas.com\/index.php?rest_route=\/wp\/v2\/posts\/556\/revisions\/565"}],"wp:attachment":[{"href":"http:\/\/radioluna.iesalbarregas.com\/index.php?rest_route=%2Fwp%2Fv2%2Fmedia&parent=556"}],"wp:term":[{"taxonomy":"category","embeddable":true,"href":"http:\/\/radioluna.iesalbarregas.com\/index.php?rest_route=%2Fwp%2Fv2%2Fcategories&post=556"},{"taxonomy":"post_tag","embeddable":true,"href":"http:\/\/radioluna.iesalbarregas.com\/index.php?rest_route=%2Fwp%2Fv2%2Ftags&post=556"}],"curies":[{"name":"wp","href":"https:\/\/api.w.org\/{rel}","templated":true}]}}