{"id":551,"date":"2020-03-05T14:34:42","date_gmt":"2020-03-05T13:34:42","guid":{"rendered":"http:\/\/radioluna.iesalbarregas.com\/?p=551"},"modified":"2020-10-28T12:53:47","modified_gmt":"2020-10-28T11:53:47","slug":"salud-mental-y-conductas-adictivas","status":"publish","type":"post","link":"http:\/\/radioluna.iesalbarregas.com\/?p=551","title":{"rendered":"Salud Mental y Conductas Adictivas."},"content":{"rendered":"\n<p>El Departamento de Bilog\u00eda ha organizado para 3\u00baESO un ciclo de charlas informativas sobre salud mental y conductas adictivas. En ellas intervinieron Pilar Lavadi\u00f1o Rodr\u00edguez, psic\u00f3loga de Proines (Don Benito) y del Centro de Emergencia Social Camino a la Vida (Montijo) junto a 3 pacientes del centro de Montijo: Manuel, Jos\u00e9 M\u00aa y Juli\u00e1n que relataron en primera persona y con valent\u00eda su experiencia personal. Han sido unas sesiones muy fruct\u00edferas para el alumnado. En este programa podr\u00e9is escuchar la entrevista que Claudia y LuzMari le hicieron a Manuel, Jos\u00e9 M\u00aa y Juli\u00e1n adem\u00e1s de la charla que \u00e9stos dieron. Todo un ejemplo de lucha y valent\u00eda que no dej\u00f3 a nadie indiferente. GRACIAS.<\/p>\n\n\n\n<figure class=\"wp-block-audio\"><audio controls src=\"http:\/\/radioluna.iesalbarregas.com\/wp-content\/uploads\/2020\/03\/Programa-Salud-mental-online-audio-converter.com1_.mp3\"><\/audio><\/figure>\n\n\n\n<figure class=\"wp-block-image size-large\"><img loading=\"lazy\" width=\"1024\" height=\"768\" src=\"http:\/\/radioluna.iesalbarregas.com\/wp-content\/uploads\/2020\/03\/Salud-Mental-2-1024x768.jpg\" alt=\"\" class=\"wp-image-552\" srcset=\"http:\/\/radioluna.iesalbarregas.com\/wp-content\/uploads\/2020\/03\/Salud-Mental-2-1024x768.jpg 1024w, http:\/\/radioluna.iesalbarregas.com\/wp-content\/uploads\/2020\/03\/Salud-Mental-2-300x225.jpg 300w, http:\/\/radioluna.iesalbarregas.com\/wp-content\/uploads\/2020\/03\/Salud-Mental-2-768x576.jpg 768w, http:\/\/radioluna.iesalbarregas.com\/wp-content\/uploads\/2020\/03\/Salud-Mental-2-1536x1152.jpg 1536w, http:\/\/radioluna.iesalbarregas.com\/wp-content\/uploads\/2020\/03\/Salud-Mental-2-2048x1536.jpg 2048w, http:\/\/radioluna.iesalbarregas.com\/wp-content\/uploads\/2020\/03\/Salud-Mental-2-400x300.jpg 400w\" sizes=\"(max-width: 1024px) 100vw, 1024px\" \/><\/figure>\n","protected":false},"excerpt":{"rendered":"<p>El Departamento de Bilog\u00eda ha organizado para 3\u00baESO un ciclo de charlas informativas sobre salud mental y conductas adictivas. En ellas intervinieron Pilar Lavadi\u00f1o Rodr\u00edguez, psic\u00f3loga de Proines (Don Benito) y del Centro de Emergencia Social Camino a la Vida &hellip; <a href=\"http:\/\/radioluna.iesalbarregas.com\/?p=551\">Sigue leyendo <span class=\"meta-nav\">&rarr;<\/span><\/a><\/p>\n","protected":false},"author":2,"featured_media":0,"comment_status":"open","ping_status":"open","sticky":false,"template":"","format":"standard","meta":[],"categories":[53,9],"tags":[14,13,15,17,16,11],"_links":{"self":[{"href":"http:\/\/radioluna.iesalbarregas.com\/index.php?rest_route=\/wp\/v2\/posts\/551"}],"collection":[{"href":"http:\/\/radioluna.iesalbarregas.com\/index.php?rest_route=\/wp\/v2\/posts"}],"about":[{"href":"http:\/\/radioluna.iesalbarregas.com\/index.php?rest_route=\/wp\/v2\/types\/post"}],"author":[{"embeddable":true,"href":"http:\/\/radioluna.iesalbarregas.com\/index.php?rest_route=\/wp\/v2\/users\/2"}],"replies":[{"embeddable":true,"href":"http:\/\/radioluna.iesalbarregas.com\/index.php?rest_route=%2Fwp%2Fv2%2Fcomments&post=551"}],"version-history":[{"count":2,"href":"http:\/\/radioluna.iesalbarregas.com\/index.php?rest_route=\/wp\/v2\/posts\/551\/revisions"}],"predecessor-version":[{"id":716,"href":"http:\/\/radioluna.iesalbarregas.com\/index.php?rest_route=\/wp\/v2\/posts\/551\/revisions\/716"}],"wp:attachment":[{"href":"http:\/\/radioluna.iesalbarregas.com\/index.php?rest_route=%2Fwp%2Fv2%2Fmedia&parent=551"}],"wp:term":[{"taxonomy":"category","embeddable":true,"href":"http:\/\/radioluna.iesalbarregas.com\/index.php?rest_route=%2Fwp%2Fv2%2Fcategories&post=551"},{"taxonomy":"post_tag","embeddable":true,"href":"http:\/\/radioluna.iesalbarregas.com\/index.php?rest_route=%2Fwp%2Fv2%2Ftags&post=551"}],"curies":[{"name":"wp","href":"https:\/\/api.w.org\/{rel}","templated":true}]}}