{"id":537,"date":"2020-03-02T14:19:07","date_gmt":"2020-03-02T13:19:07","guid":{"rendered":"http:\/\/radioluna.iesalbarregas.com\/?p=537"},"modified":"2020-04-28T08:40:11","modified_gmt":"2020-04-28T07:40:11","slug":"la-poesie","status":"publish","type":"post","link":"http:\/\/radioluna.iesalbarregas.com\/?p=537","title":{"rendered":"LA PO\u00c9SIE."},"content":{"rendered":"\n<p>Para San Valent\u00edn mis alumnos de franc\u00e9s de 3\u00baC y 3\u00baD (Claudia Ch., Daniel, Sim\u00f3n, Luc\u00eda, Andrea, Claudia G.. Violeta, Elena, Alberto, Clara y Andrea)  han creado unos poemas de amor en ese idioma tan rom\u00e1ntico. <br>A modo de introducci\u00f3n escuchamos la canci\u00f3n \u00abLe toi du moi\u00bb de Carla Bruni, en la que la cantante se compara con su amado evocando parejas de palabras que van muy unidos como la lluvia y las gotas, el viejo y el tiempo, el cielo y la tierra, la mano y la caricia, el ramo y las flores, etc. A continuaci\u00f3n, en peque\u00f1os grupos han redactado sus propios textos siguiendo ese mismo modelo. Y como han conseguido crear unos versos muy logrados, les he pedido que recitaran sus poemas en Radio Luna.<br>\u00a1Enhorabuena, chicos! \u00a1Pod\u00e9is estar muy orgullosos de vuestro trabajo!<\/p>\n\n\n\n<figure class=\"wp-block-audio\"><audio controls src=\"http:\/\/radioluna.iesalbarregas.com\/wp-content\/uploads\/2020\/03\/Franc\u00e9s-Hannah.mp3\"><\/audio><\/figure>\n\n\n\n<figure class=\"wp-block-image size-large\"><img loading=\"lazy\" width=\"1024\" height=\"683\" src=\"http:\/\/radioluna.iesalbarregas.com\/wp-content\/uploads\/2020\/03\/Poesie-1024x683.jpg\" alt=\"\" class=\"wp-image-539\" srcset=\"http:\/\/radioluna.iesalbarregas.com\/wp-content\/uploads\/2020\/03\/Poesie-1024x683.jpg 1024w, http:\/\/radioluna.iesalbarregas.com\/wp-content\/uploads\/2020\/03\/Poesie-300x200.jpg 300w, http:\/\/radioluna.iesalbarregas.com\/wp-content\/uploads\/2020\/03\/Poesie-768x512.jpg 768w, http:\/\/radioluna.iesalbarregas.com\/wp-content\/uploads\/2020\/03\/Poesie-1536x1024.jpg 1536w, http:\/\/radioluna.iesalbarregas.com\/wp-content\/uploads\/2020\/03\/Poesie-2048x1365.jpg 2048w, http:\/\/radioluna.iesalbarregas.com\/wp-content\/uploads\/2020\/03\/Poesie-450x300.jpg 450w\" sizes=\"(max-width: 1024px) 100vw, 1024px\" \/><\/figure>\n","protected":false},"excerpt":{"rendered":"<p>Para San Valent\u00edn mis alumnos de franc\u00e9s de 3\u00baC y 3\u00baD (Claudia Ch., Daniel, Sim\u00f3n, Luc\u00eda, Andrea, Claudia G.. Violeta, Elena, Alberto, Clara y Andrea) han creado unos poemas de amor en ese idioma tan rom\u00e1ntico. A modo de introducci\u00f3n &hellip; <a href=\"http:\/\/radioluna.iesalbarregas.com\/?p=537\">Sigue leyendo <span class=\"meta-nav\">&rarr;<\/span><\/a><\/p>\n","protected":false},"author":2,"featured_media":0,"comment_status":"open","ping_status":"open","sticky":false,"template":"","format":"standard","meta":[],"categories":[9],"tags":[36,11],"_links":{"self":[{"href":"http:\/\/radioluna.iesalbarregas.com\/index.php?rest_route=\/wp\/v2\/posts\/537"}],"collection":[{"href":"http:\/\/radioluna.iesalbarregas.com\/index.php?rest_route=\/wp\/v2\/posts"}],"about":[{"href":"http:\/\/radioluna.iesalbarregas.com\/index.php?rest_route=\/wp\/v2\/types\/post"}],"author":[{"embeddable":true,"href":"http:\/\/radioluna.iesalbarregas.com\/index.php?rest_route=\/wp\/v2\/users\/2"}],"replies":[{"embeddable":true,"href":"http:\/\/radioluna.iesalbarregas.com\/index.php?rest_route=%2Fwp%2Fv2%2Fcomments&post=537"}],"version-history":[{"count":3,"href":"http:\/\/radioluna.iesalbarregas.com\/index.php?rest_route=\/wp\/v2\/posts\/537\/revisions"}],"predecessor-version":[{"id":727,"href":"http:\/\/radioluna.iesalbarregas.com\/index.php?rest_route=\/wp\/v2\/posts\/537\/revisions\/727"}],"wp:attachment":[{"href":"http:\/\/radioluna.iesalbarregas.com\/index.php?rest_route=%2Fwp%2Fv2%2Fmedia&parent=537"}],"wp:term":[{"taxonomy":"category","embeddable":true,"href":"http:\/\/radioluna.iesalbarregas.com\/index.php?rest_route=%2Fwp%2Fv2%2Fcategories&post=537"},{"taxonomy":"post_tag","embeddable":true,"href":"http:\/\/radioluna.iesalbarregas.com\/index.php?rest_route=%2Fwp%2Fv2%2Ftags&post=537"}],"curies":[{"name":"wp","href":"https:\/\/api.w.org\/{rel}","templated":true}]}}