{"id":533,"date":"2020-03-02T14:13:41","date_gmt":"2020-03-02T13:13:41","guid":{"rendered":"http:\/\/radioluna.iesalbarregas.com\/?p=533"},"modified":"2020-10-28T12:53:55","modified_gmt":"2020-10-28T11:53:55","slug":"carrera-solidaria-2020","status":"publish","type":"post","link":"http:\/\/radioluna.iesalbarregas.com\/?p=533","title":{"rendered":"CARRERA SOLIDARIA 2020."},"content":{"rendered":"\n<p>El pasado viernes 21 de febrero se celebr\u00f3 la II Carrera Solidaria del IES Albarregas que este a\u00f1o ha pasado a denominarse Memorial Mar\u00eda Os\u00e9 Vargas Calder\u00f3n en recuerdo de nuestra compa\u00f1era. Los alumnos de 4\u00baC Paula, Mariana y Roberto hicieron una gran cobertura informativa del evento realizando varias entrevistas. En este programa nos cuentan c\u00f3mo vivieron la jornada y nos traen las entrevistas que realizaron.<\/p>\n\n\n\n<figure class=\"wp-block-audio\"><audio controls src=\"http:\/\/radioluna.iesalbarregas.com\/wp-content\/uploads\/2020\/03\/Carrera-de-disfraces.mp3\"><\/audio><\/figure>\n\n\n\n<figure class=\"wp-block-image size-large\"><img loading=\"lazy\" width=\"899\" height=\"899\" src=\"http:\/\/radioluna.iesalbarregas.com\/wp-content\/uploads\/2020\/03\/MJ.jpg\" alt=\"\" class=\"wp-image-534\" srcset=\"http:\/\/radioluna.iesalbarregas.com\/wp-content\/uploads\/2020\/03\/MJ.jpg 899w, http:\/\/radioluna.iesalbarregas.com\/wp-content\/uploads\/2020\/03\/MJ-300x300.jpg 300w, http:\/\/radioluna.iesalbarregas.com\/wp-content\/uploads\/2020\/03\/MJ-150x150.jpg 150w, http:\/\/radioluna.iesalbarregas.com\/wp-content\/uploads\/2020\/03\/MJ-768x768.jpg 768w\" sizes=\"(max-width: 899px) 100vw, 899px\" \/><figcaption>A Mar\u00eda Jos\u00e9. Siempre en nuestro recuerdo.<\/figcaption><\/figure>\n","protected":false},"excerpt":{"rendered":"<p>El pasado viernes 21 de febrero se celebr\u00f3 la II Carrera Solidaria del IES Albarregas que este a\u00f1o ha pasado a denominarse Memorial Mar\u00eda Os\u00e9 Vargas Calder\u00f3n en recuerdo de nuestra compa\u00f1era. Los alumnos de 4\u00baC Paula, Mariana y Roberto &hellip; <a href=\"http:\/\/radioluna.iesalbarregas.com\/?p=533\">Sigue leyendo <span class=\"meta-nav\">&rarr;<\/span><\/a><\/p>\n","protected":false},"author":2,"featured_media":0,"comment_status":"open","ping_status":"open","sticky":false,"template":"","format":"standard","meta":[],"categories":[53,9],"tags":[13,46,47,11,48],"_links":{"self":[{"href":"http:\/\/radioluna.iesalbarregas.com\/index.php?rest_route=\/wp\/v2\/posts\/533"}],"collection":[{"href":"http:\/\/radioluna.iesalbarregas.com\/index.php?rest_route=\/wp\/v2\/posts"}],"about":[{"href":"http:\/\/radioluna.iesalbarregas.com\/index.php?rest_route=\/wp\/v2\/types\/post"}],"author":[{"embeddable":true,"href":"http:\/\/radioluna.iesalbarregas.com\/index.php?rest_route=\/wp\/v2\/users\/2"}],"replies":[{"embeddable":true,"href":"http:\/\/radioluna.iesalbarregas.com\/index.php?rest_route=%2Fwp%2Fv2%2Fcomments&post=533"}],"version-history":[{"count":1,"href":"http:\/\/radioluna.iesalbarregas.com\/index.php?rest_route=\/wp\/v2\/posts\/533\/revisions"}],"predecessor-version":[{"id":536,"href":"http:\/\/radioluna.iesalbarregas.com\/index.php?rest_route=\/wp\/v2\/posts\/533\/revisions\/536"}],"wp:attachment":[{"href":"http:\/\/radioluna.iesalbarregas.com\/index.php?rest_route=%2Fwp%2Fv2%2Fmedia&parent=533"}],"wp:term":[{"taxonomy":"category","embeddable":true,"href":"http:\/\/radioluna.iesalbarregas.com\/index.php?rest_route=%2Fwp%2Fv2%2Fcategories&post=533"},{"taxonomy":"post_tag","embeddable":true,"href":"http:\/\/radioluna.iesalbarregas.com\/index.php?rest_route=%2Fwp%2Fv2%2Ftags&post=533"}],"curies":[{"name":"wp","href":"https:\/\/api.w.org\/{rel}","templated":true}]}}