{"id":530,"date":"2020-03-01T21:55:33","date_gmt":"2020-03-01T20:55:33","guid":{"rendered":"http:\/\/radioluna.iesalbarregas.com\/?p=530"},"modified":"2020-10-28T12:54:06","modified_gmt":"2020-10-28T11:54:06","slug":"ii-carrera-solidaria-memorial-maria-jose-vargas-calderon","status":"publish","type":"post","link":"http:\/\/radioluna.iesalbarregas.com\/?p=530","title":{"rendered":"II Carrera Solidaria Memorial Mar\u00eda Jos\u00e9 Vargas Calder\u00f3n"},"content":{"rendered":"\n<p>RadioLuna os trae el resumen de la Carrera Solidaria que celebramos el d\u00eda 21, justo en el arranque de los carnavales. Disfraces, buen humor y el recuerdo de nuestra compa\u00f1era Mar\u00eda Jos\u00e9 Vargas crearon una jornada llena de emociones. Pod\u00e9is verlo en el <a href=\"http:\/\/radioluna.iesalbarregas.com\/?page_id=285\"><strong><em>apartado de TV de esta p\u00e1gina<\/em><\/strong><\/a>.<\/p>\n","protected":false},"excerpt":{"rendered":"<p>RadioLuna os trae el resumen de la Carrera Solidaria que celebramos el d\u00eda 21, justo en el arranque de los carnavales. Disfraces, buen humor y el recuerdo de nuestra compa\u00f1era Mar\u00eda Jos\u00e9 Vargas crearon una jornada llena de emociones. Pod\u00e9is &hellip; <a href=\"http:\/\/radioluna.iesalbarregas.com\/?p=530\">Sigue leyendo <span class=\"meta-nav\">&rarr;<\/span><\/a><\/p>\n","protected":false},"author":1,"featured_media":0,"comment_status":"open","ping_status":"open","sticky":false,"template":"","format":"standard","meta":[],"categories":[53,44],"tags":[35],"_links":{"self":[{"href":"http:\/\/radioluna.iesalbarregas.com\/index.php?rest_route=\/wp\/v2\/posts\/530"}],"collection":[{"href":"http:\/\/radioluna.iesalbarregas.com\/index.php?rest_route=\/wp\/v2\/posts"}],"about":[{"href":"http:\/\/radioluna.iesalbarregas.com\/index.php?rest_route=\/wp\/v2\/types\/post"}],"author":[{"embeddable":true,"href":"http:\/\/radioluna.iesalbarregas.com\/index.php?rest_route=\/wp\/v2\/users\/1"}],"replies":[{"embeddable":true,"href":"http:\/\/radioluna.iesalbarregas.com\/index.php?rest_route=%2Fwp%2Fv2%2Fcomments&post=530"}],"version-history":[{"count":1,"href":"http:\/\/radioluna.iesalbarregas.com\/index.php?rest_route=\/wp\/v2\/posts\/530\/revisions"}],"predecessor-version":[{"id":531,"href":"http:\/\/radioluna.iesalbarregas.com\/index.php?rest_route=\/wp\/v2\/posts\/530\/revisions\/531"}],"wp:attachment":[{"href":"http:\/\/radioluna.iesalbarregas.com\/index.php?rest_route=%2Fwp%2Fv2%2Fmedia&parent=530"}],"wp:term":[{"taxonomy":"category","embeddable":true,"href":"http:\/\/radioluna.iesalbarregas.com\/index.php?rest_route=%2Fwp%2Fv2%2Fcategories&post=530"},{"taxonomy":"post_tag","embeddable":true,"href":"http:\/\/radioluna.iesalbarregas.com\/index.php?rest_route=%2Fwp%2Fv2%2Ftags&post=530"}],"curies":[{"name":"wp","href":"https:\/\/api.w.org\/{rel}","templated":true}]}}