{"id":522,"date":"2020-02-28T09:12:22","date_gmt":"2020-02-28T08:12:22","guid":{"rendered":"http:\/\/radioluna.iesalbarregas.com\/?p=522"},"modified":"2020-02-28T09:13:58","modified_gmt":"2020-02-28T08:13:58","slug":"albarregas-rock-band","status":"publish","type":"post","link":"http:\/\/radioluna.iesalbarregas.com\/?p=522","title":{"rendered":"Albarregas Rock Band."},"content":{"rendered":"\n<p>El viernes 21 de febrero pasaron por el estudio de Radio Luna los miembros de la Albarregas Rock Band y nos contaron lo que est\u00e1n haciendo, sus proyectos, su b\u00fasqueda de un nombre para la banda y mucho m\u00e1s, as\u00ed que mejor que lo escuch\u00e9is. Emitimos en streaming por segunda vez en este curso y como era Carnaval empezaron con la canci\u00f3n \u00abLa Vida es un Carnaval\u00bb de Celia Cruz y como no, vinieron ataviados para la ocasi\u00f3n.<\/p>\n\n\n\n<figure class=\"wp-block-audio\"><audio controls src=\"http:\/\/radioluna.iesalbarregas.com\/wp-content\/uploads\/2020\/02\/Carnaval-banda-de-m\u00fasica.mp3\"><\/audio><\/figure>\n\n\n\n<figure class=\"wp-block-image size-large\"><img loading=\"lazy\" width=\"1024\" height=\"768\" src=\"http:\/\/radioluna.iesalbarregas.com\/wp-content\/uploads\/2020\/02\/IMG-20200227-WA0008-1024x768.jpg\" alt=\"\" class=\"wp-image-524\" srcset=\"http:\/\/radioluna.iesalbarregas.com\/wp-content\/uploads\/2020\/02\/IMG-20200227-WA0008-1024x768.jpg 1024w, http:\/\/radioluna.iesalbarregas.com\/wp-content\/uploads\/2020\/02\/IMG-20200227-WA0008-300x225.jpg 300w, http:\/\/radioluna.iesalbarregas.com\/wp-content\/uploads\/2020\/02\/IMG-20200227-WA0008-768x576.jpg 768w, http:\/\/radioluna.iesalbarregas.com\/wp-content\/uploads\/2020\/02\/IMG-20200227-WA0008-1536x1152.jpg 1536w, http:\/\/radioluna.iesalbarregas.com\/wp-content\/uploads\/2020\/02\/IMG-20200227-WA0008-400x300.jpg 400w, http:\/\/radioluna.iesalbarregas.com\/wp-content\/uploads\/2020\/02\/IMG-20200227-WA0008.jpg 1600w\" sizes=\"(max-width: 1024px) 100vw, 1024px\" \/><\/figure>\n","protected":false},"excerpt":{"rendered":"<p>El viernes 21 de febrero pasaron por el estudio de Radio Luna los miembros de la Albarregas Rock Band y nos contaron lo que est\u00e1n haciendo, sus proyectos, su b\u00fasqueda de un nombre para la banda y mucho m\u00e1s, as\u00ed &hellip; <a href=\"http:\/\/radioluna.iesalbarregas.com\/?p=522\">Sigue leyendo <span class=\"meta-nav\">&rarr;<\/span><\/a><\/p>\n","protected":false},"author":2,"featured_media":0,"comment_status":"open","ping_status":"open","sticky":false,"template":"","format":"standard","meta":[],"categories":[9],"tags":[32,11],"_links":{"self":[{"href":"http:\/\/radioluna.iesalbarregas.com\/index.php?rest_route=\/wp\/v2\/posts\/522"}],"collection":[{"href":"http:\/\/radioluna.iesalbarregas.com\/index.php?rest_route=\/wp\/v2\/posts"}],"about":[{"href":"http:\/\/radioluna.iesalbarregas.com\/index.php?rest_route=\/wp\/v2\/types\/post"}],"author":[{"embeddable":true,"href":"http:\/\/radioluna.iesalbarregas.com\/index.php?rest_route=\/wp\/v2\/users\/2"}],"replies":[{"embeddable":true,"href":"http:\/\/radioluna.iesalbarregas.com\/index.php?rest_route=%2Fwp%2Fv2%2Fcomments&post=522"}],"version-history":[{"count":2,"href":"http:\/\/radioluna.iesalbarregas.com\/index.php?rest_route=\/wp\/v2\/posts\/522\/revisions"}],"predecessor-version":[{"id":526,"href":"http:\/\/radioluna.iesalbarregas.com\/index.php?rest_route=\/wp\/v2\/posts\/522\/revisions\/526"}],"wp:attachment":[{"href":"http:\/\/radioluna.iesalbarregas.com\/index.php?rest_route=%2Fwp%2Fv2%2Fmedia&parent=522"}],"wp:term":[{"taxonomy":"category","embeddable":true,"href":"http:\/\/radioluna.iesalbarregas.com\/index.php?rest_route=%2Fwp%2Fv2%2Fcategories&post=522"},{"taxonomy":"post_tag","embeddable":true,"href":"http:\/\/radioluna.iesalbarregas.com\/index.php?rest_route=%2Fwp%2Fv2%2Ftags&post=522"}],"curies":[{"name":"wp","href":"https:\/\/api.w.org\/{rel}","templated":true}]}}