{"id":494,"date":"2020-02-20T13:16:29","date_gmt":"2020-02-20T12:16:29","guid":{"rendered":"http:\/\/radioluna.iesalbarregas.com\/?p=494"},"modified":"2020-02-20T13:27:39","modified_gmt":"2020-02-20T12:27:39","slug":"dia-mundial-de-la-radio","status":"publish","type":"post","link":"http:\/\/radioluna.iesalbarregas.com\/?p=494","title":{"rendered":"D\u00eda Mundial de la Radio"},"content":{"rendered":"\n<p>El pasado 13 de febrero se celebr\u00f3 el D\u00eda Mundial de la Radio y Radio Luna estuvo presente en el especial de RadioEdu celebrado en el CPR de M\u00e9rida con motivo de este d\u00eda. Tanto el canal de TV como la emisora de radio estuvieron presentes en la marat\u00f3n de radio. Aqu\u00ed os dejamos el programa de radio, una adaptaci\u00f3n de la ficci\u00f3n radiof\u00f3nica La Guerra de los Mundos seguida por una tertulia sobre este hito radiof\u00f3nico y otra sobre la llamada Radio F\u00f3rmula. Berta de 2\u00baD, Candela y Alba de 3\u00baB Y \u00c1ngel de 4\u00baA nos hicieron viajar en el tiempo.<\/p>\n\n\n\n<figure class=\"wp-block-audio\"><audio controls src=\"http:\/\/radioluna.iesalbarregas.com\/wp-content\/uploads\/2020\/02\/La-Guerra-de-los-Mundos-calidad-media.mp3\"><\/audio><\/figure>\n\n\n\n<figure class=\"wp-block-image size-large\"><img loading=\"lazy\" width=\"1024\" height=\"682\" src=\"http:\/\/radioluna.iesalbarregas.com\/wp-content\/uploads\/2020\/02\/13F-1-1024x682.jpg\" alt=\"\" class=\"wp-image-498\" srcset=\"http:\/\/radioluna.iesalbarregas.com\/wp-content\/uploads\/2020\/02\/13F-1-1024x682.jpg 1024w, http:\/\/radioluna.iesalbarregas.com\/wp-content\/uploads\/2020\/02\/13F-1-300x200.jpg 300w, http:\/\/radioluna.iesalbarregas.com\/wp-content\/uploads\/2020\/02\/13F-1-768x512.jpg 768w, http:\/\/radioluna.iesalbarregas.com\/wp-content\/uploads\/2020\/02\/13F-1-1536x1023.jpg 1536w, http:\/\/radioluna.iesalbarregas.com\/wp-content\/uploads\/2020\/02\/13F-1-450x300.jpg 450w, http:\/\/radioluna.iesalbarregas.com\/wp-content\/uploads\/2020\/02\/13F-1.jpg 1600w\" sizes=\"(max-width: 1024px) 100vw, 1024px\" \/><\/figure>\n","protected":false},"excerpt":{"rendered":"<p>El pasado 13 de febrero se celebr\u00f3 el D\u00eda Mundial de la Radio y Radio Luna estuvo presente en el especial de RadioEdu celebrado en el CPR de M\u00e9rida con motivo de este d\u00eda. Tanto el canal de TV como &hellip; <a href=\"http:\/\/radioluna.iesalbarregas.com\/?p=494\">Sigue leyendo <span class=\"meta-nav\">&rarr;<\/span><\/a><\/p>\n","protected":false},"author":2,"featured_media":0,"comment_status":"open","ping_status":"open","sticky":false,"template":"","format":"standard","meta":[],"categories":[9],"tags":[11],"_links":{"self":[{"href":"http:\/\/radioluna.iesalbarregas.com\/index.php?rest_route=\/wp\/v2\/posts\/494"}],"collection":[{"href":"http:\/\/radioluna.iesalbarregas.com\/index.php?rest_route=\/wp\/v2\/posts"}],"about":[{"href":"http:\/\/radioluna.iesalbarregas.com\/index.php?rest_route=\/wp\/v2\/types\/post"}],"author":[{"embeddable":true,"href":"http:\/\/radioluna.iesalbarregas.com\/index.php?rest_route=\/wp\/v2\/users\/2"}],"replies":[{"embeddable":true,"href":"http:\/\/radioluna.iesalbarregas.com\/index.php?rest_route=%2Fwp%2Fv2%2Fcomments&post=494"}],"version-history":[{"count":3,"href":"http:\/\/radioluna.iesalbarregas.com\/index.php?rest_route=\/wp\/v2\/posts\/494\/revisions"}],"predecessor-version":[{"id":501,"href":"http:\/\/radioluna.iesalbarregas.com\/index.php?rest_route=\/wp\/v2\/posts\/494\/revisions\/501"}],"wp:attachment":[{"href":"http:\/\/radioluna.iesalbarregas.com\/index.php?rest_route=%2Fwp%2Fv2%2Fmedia&parent=494"}],"wp:term":[{"taxonomy":"category","embeddable":true,"href":"http:\/\/radioluna.iesalbarregas.com\/index.php?rest_route=%2Fwp%2Fv2%2Fcategories&post=494"},{"taxonomy":"post_tag","embeddable":true,"href":"http:\/\/radioluna.iesalbarregas.com\/index.php?rest_route=%2Fwp%2Fv2%2Ftags&post=494"}],"curies":[{"name":"wp","href":"https:\/\/api.w.org\/{rel}","templated":true}]}}