{"id":487,"date":"2020-02-15T14:59:58","date_gmt":"2020-02-15T13:59:58","guid":{"rendered":"http:\/\/radioluna.iesalbarregas.com\/?p=487"},"modified":"2021-05-09T19:18:02","modified_gmt":"2021-05-09T18:18:02","slug":"maraton-de-radio-15f-2020","status":"publish","type":"post","link":"http:\/\/radioluna.iesalbarregas.com\/?p=487","title":{"rendered":"Marat\u00f3n de Radio 14F-2020"},"content":{"rendered":"\n<p>Maravillosa jornada de radio en directo desde el IES Albarregas de M\u00e9rida en la que un total de 115 alumnos han pasado por los micr\u00f3fonos de Radio Luna dando muestra de su buen hacer. Miembros de 14 departamentos diferentes han preparado y trabajado diferentes actividades, siendo el hilo conductor el Amor (y o desamor) desde diferentes perspectivas. 5 horas y media de radio en directo donde se ha recitado, se ha debatido, se ha preguntado y respondido, reflexionado, cantado&#8230; Radio Luna TV tambi\u00e9n ha cubierto el evento durante toda la jornada. Imposible recoger todas las sensaciones y emociones en estas l\u00edneas, as\u00ed que mejor que lo escuch\u00e9is desde el siguiente enlace. GRACIAS, GRACIAS, GRACIAS.<\/p>\n\n\n\n<p><a href=\"https:\/\/drive.google.com\/file\/d\/14ghpSaccwbhbOvDAT6vMLbpJTiiqq0ZN\/view?usp=sharing\">https:\/\/drive.google.com\/file\/d\/14ghpSaccwbhbOvDAT6vMLbpJTiiqq0ZN\/view?usp=sharing<\/a><\/p>\n\n\n\n<figure class=\"wp-block-image size-large\"><img loading=\"lazy\" width=\"576\" height=\"1024\" src=\"http:\/\/radioluna.iesalbarregas.com\/wp-content\/uploads\/2020\/02\/IMG-20200212-WA0017-7-576x1024.jpg\" alt=\"\" class=\"wp-image-489\" srcset=\"http:\/\/radioluna.iesalbarregas.com\/wp-content\/uploads\/2020\/02\/IMG-20200212-WA0017-7-576x1024.jpg 576w, http:\/\/radioluna.iesalbarregas.com\/wp-content\/uploads\/2020\/02\/IMG-20200212-WA0017-7-169x300.jpg 169w, http:\/\/radioluna.iesalbarregas.com\/wp-content\/uploads\/2020\/02\/IMG-20200212-WA0017-7-768x1365.jpg 768w, http:\/\/radioluna.iesalbarregas.com\/wp-content\/uploads\/2020\/02\/IMG-20200212-WA0017-7-864x1536.jpg 864w, http:\/\/radioluna.iesalbarregas.com\/wp-content\/uploads\/2020\/02\/IMG-20200212-WA0017-7.jpg 900w\" sizes=\"(max-width: 576px) 100vw, 576px\" \/><figcaption>115 alumnos pasaron por los micr\u00f3fonos de Radio Luna en una jornada para el recuerdo.<\/figcaption><\/figure>\n","protected":false},"excerpt":{"rendered":"<p>Maravillosa jornada de radio en directo desde el IES Albarregas de M\u00e9rida en la que un total de 115 alumnos han pasado por los micr\u00f3fonos de Radio Luna dando muestra de su buen hacer. Miembros de 14 departamentos diferentes han &hellip; <a href=\"http:\/\/radioluna.iesalbarregas.com\/?p=487\">Sigue leyendo <span class=\"meta-nav\">&rarr;<\/span><\/a><\/p>\n","protected":false},"author":2,"featured_media":0,"comment_status":"open","ping_status":"open","sticky":false,"template":"","format":"standard","meta":[],"categories":[9,89],"tags":[14,28,13,32,31,24,46,34,17,27,35,30,21,19,22,33,47,26,11,48,25,29],"_links":{"self":[{"href":"http:\/\/radioluna.iesalbarregas.com\/index.php?rest_route=\/wp\/v2\/posts\/487"}],"collection":[{"href":"http:\/\/radioluna.iesalbarregas.com\/index.php?rest_route=\/wp\/v2\/posts"}],"about":[{"href":"http:\/\/radioluna.iesalbarregas.com\/index.php?rest_route=\/wp\/v2\/types\/post"}],"author":[{"embeddable":true,"href":"http:\/\/radioluna.iesalbarregas.com\/index.php?rest_route=\/wp\/v2\/users\/2"}],"replies":[{"embeddable":true,"href":"http:\/\/radioluna.iesalbarregas.com\/index.php?rest_route=%2Fwp%2Fv2%2Fcomments&post=487"}],"version-history":[{"count":5,"href":"http:\/\/radioluna.iesalbarregas.com\/index.php?rest_route=\/wp\/v2\/posts\/487\/revisions"}],"predecessor-version":[{"id":783,"href":"http:\/\/radioluna.iesalbarregas.com\/index.php?rest_route=\/wp\/v2\/posts\/487\/revisions\/783"}],"wp:attachment":[{"href":"http:\/\/radioluna.iesalbarregas.com\/index.php?rest_route=%2Fwp%2Fv2%2Fmedia&parent=487"}],"wp:term":[{"taxonomy":"category","embeddable":true,"href":"http:\/\/radioluna.iesalbarregas.com\/index.php?rest_route=%2Fwp%2Fv2%2Fcategories&post=487"},{"taxonomy":"post_tag","embeddable":true,"href":"http:\/\/radioluna.iesalbarregas.com\/index.php?rest_route=%2Fwp%2Fv2%2Ftags&post=487"}],"curies":[{"name":"wp","href":"https:\/\/api.w.org\/{rel}","templated":true}]}}