{"id":413,"date":"2020-02-08T11:36:01","date_gmt":"2020-02-08T10:36:01","guid":{"rendered":"http:\/\/radioluna.iesalbarregas.com\/?p=413"},"modified":"2020-04-13T17:57:55","modified_gmt":"2020-04-13T16:57:55","slug":"xv-olimpiada-de-biologia-de-extremadura","status":"publish","type":"post","link":"http:\/\/radioluna.iesalbarregas.com\/?p=413","title":{"rendered":"XV Olimpiada de Biolog\u00eda de Extremadura."},"content":{"rendered":"\n<p>El pasado 30 de enero se celebr\u00f3 en la Facultad de Ciencias de la UEx en Badajoz la XV Olimpiada de Biolog\u00eda. \u00c1ngela S\u00e1nchez, Zaira Rodr\u00edguez y Samuel Caro, alumnos de 2\u00ba de Bachillerato del IES Albarregas, acompa\u00f1ados por la profesora de Biolog\u00eda Mar\u00eda Sabrido, han participado en la Olimpiada. Nuestra alumna \u00c1ngela S\u00e1nchez ha quedado en segunda posici\u00f3n de un total de 107 alumnos de 35 centros extreme\u00f1os que han participado. Esta meritoria segunda posici\u00f3n le permitir\u00e1 participar en la fase nacional que se celebrar\u00e1 en Bilbao el pr\u00f3ximo mes de marzo adem\u00e1s de disfrutar de una estancia de una semana en un laboratorio del CSIC. Han pasado por Radio Luna, donde Helena y Andrea de 4\u00ba  les han entrevistado. \u00a1ENHORABUENA!<\/p>\n\n\n\n<figure class=\"wp-block-audio\"><audio controls src=\"http:\/\/radioluna.iesalbarregas.com\/wp-content\/uploads\/2020\/02\/Olimpiada-Biolog\u00eda.mp3\"><\/audio><\/figure>\n\n\n\n<figure class=\"wp-block-image size-large\"><img loading=\"lazy\" width=\"1024\" height=\"768\" src=\"http:\/\/radioluna.iesalbarregas.com\/wp-content\/uploads\/2020\/02\/1-1024x768.jpg\" alt=\"\" class=\"wp-image-415\" srcset=\"http:\/\/radioluna.iesalbarregas.com\/wp-content\/uploads\/2020\/02\/1-1024x768.jpg 1024w, http:\/\/radioluna.iesalbarregas.com\/wp-content\/uploads\/2020\/02\/1-300x225.jpg 300w, http:\/\/radioluna.iesalbarregas.com\/wp-content\/uploads\/2020\/02\/1-768x576.jpg 768w, http:\/\/radioluna.iesalbarregas.com\/wp-content\/uploads\/2020\/02\/1-400x300.jpg 400w, http:\/\/radioluna.iesalbarregas.com\/wp-content\/uploads\/2020\/02\/1.jpg 1440w\" sizes=\"(max-width: 1024px) 100vw, 1024px\" \/><figcaption>Preparados.<\/figcaption><\/figure>\n\n\n\n<figure class=\"wp-block-image size-large\"><img loading=\"lazy\" width=\"1024\" height=\"768\" src=\"http:\/\/radioluna.iesalbarregas.com\/wp-content\/uploads\/2020\/02\/IMG-20200207-WA0005-1024x768.jpg\" alt=\"\" class=\"wp-image-416\" srcset=\"http:\/\/radioluna.iesalbarregas.com\/wp-content\/uploads\/2020\/02\/IMG-20200207-WA0005-1024x768.jpg 1024w, http:\/\/radioluna.iesalbarregas.com\/wp-content\/uploads\/2020\/02\/IMG-20200207-WA0005-300x225.jpg 300w, http:\/\/radioluna.iesalbarregas.com\/wp-content\/uploads\/2020\/02\/IMG-20200207-WA0005-768x576.jpg 768w, http:\/\/radioluna.iesalbarregas.com\/wp-content\/uploads\/2020\/02\/IMG-20200207-WA0005-1536x1152.jpg 1536w, http:\/\/radioluna.iesalbarregas.com\/wp-content\/uploads\/2020\/02\/IMG-20200207-WA0005-400x300.jpg 400w, http:\/\/radioluna.iesalbarregas.com\/wp-content\/uploads\/2020\/02\/IMG-20200207-WA0005.jpg 1600w\" sizes=\"(max-width: 1024px) 100vw, 1024px\" \/><figcaption>\u00c1ngela, subcampeona de Extremadura en la Olimpiada de Biolog\u00eda.<\/figcaption><\/figure>\n\n\n\n<figure class=\"wp-block-image size-large\"><img loading=\"lazy\" width=\"1024\" height=\"768\" src=\"http:\/\/radioluna.iesalbarregas.com\/wp-content\/uploads\/2020\/02\/IMG-20200207-WA0006-1024x768.jpg\" alt=\"\" class=\"wp-image-417\" srcset=\"http:\/\/radioluna.iesalbarregas.com\/wp-content\/uploads\/2020\/02\/IMG-20200207-WA0006-1024x768.jpg 1024w, http:\/\/radioluna.iesalbarregas.com\/wp-content\/uploads\/2020\/02\/IMG-20200207-WA0006-300x225.jpg 300w, http:\/\/radioluna.iesalbarregas.com\/wp-content\/uploads\/2020\/02\/IMG-20200207-WA0006-768x576.jpg 768w, http:\/\/radioluna.iesalbarregas.com\/wp-content\/uploads\/2020\/02\/IMG-20200207-WA0006-1536x1152.jpg 1536w, http:\/\/radioluna.iesalbarregas.com\/wp-content\/uploads\/2020\/02\/IMG-20200207-WA0006-400x300.jpg 400w, http:\/\/radioluna.iesalbarregas.com\/wp-content\/uploads\/2020\/02\/IMG-20200207-WA0006.jpg 1600w\" sizes=\"(max-width: 1024px) 100vw, 1024px\" \/><figcaption>\u00c1ngela, Zaira y Samuel junto a la profesora de Biolog\u00eda Mar\u00eda Sabrido.<\/figcaption><\/figure>\n","protected":false},"excerpt":{"rendered":"<p>El pasado 30 de enero se celebr\u00f3 en la Facultad de Ciencias de la UEx en Badajoz la XV Olimpiada de Biolog\u00eda. \u00c1ngela S\u00e1nchez, Zaira Rodr\u00edguez y Samuel Caro, alumnos de 2\u00ba de Bachillerato del IES Albarregas, acompa\u00f1ados por la &hellip; <a href=\"http:\/\/radioluna.iesalbarregas.com\/?p=413\">Sigue leyendo <span class=\"meta-nav\">&rarr;<\/span><\/a><\/p>\n","protected":false},"author":2,"featured_media":0,"comment_status":"open","ping_status":"open","sticky":false,"template":"","format":"standard","meta":[],"categories":[9],"tags":[13,17,16,11],"_links":{"self":[{"href":"http:\/\/radioluna.iesalbarregas.com\/index.php?rest_route=\/wp\/v2\/posts\/413"}],"collection":[{"href":"http:\/\/radioluna.iesalbarregas.com\/index.php?rest_route=\/wp\/v2\/posts"}],"about":[{"href":"http:\/\/radioluna.iesalbarregas.com\/index.php?rest_route=\/wp\/v2\/types\/post"}],"author":[{"embeddable":true,"href":"http:\/\/radioluna.iesalbarregas.com\/index.php?rest_route=\/wp\/v2\/users\/2"}],"replies":[{"embeddable":true,"href":"http:\/\/radioluna.iesalbarregas.com\/index.php?rest_route=%2Fwp%2Fv2%2Fcomments&post=413"}],"version-history":[{"count":4,"href":"http:\/\/radioluna.iesalbarregas.com\/index.php?rest_route=\/wp\/v2\/posts\/413\/revisions"}],"predecessor-version":[{"id":720,"href":"http:\/\/radioluna.iesalbarregas.com\/index.php?rest_route=\/wp\/v2\/posts\/413\/revisions\/720"}],"wp:attachment":[{"href":"http:\/\/radioluna.iesalbarregas.com\/index.php?rest_route=%2Fwp%2Fv2%2Fmedia&parent=413"}],"wp:term":[{"taxonomy":"category","embeddable":true,"href":"http:\/\/radioluna.iesalbarregas.com\/index.php?rest_route=%2Fwp%2Fv2%2Fcategories&post=413"},{"taxonomy":"post_tag","embeddable":true,"href":"http:\/\/radioluna.iesalbarregas.com\/index.php?rest_route=%2Fwp%2Fv2%2Ftags&post=413"}],"curies":[{"name":"wp","href":"https:\/\/api.w.org\/{rel}","templated":true}]}}