{"id":406,"date":"2020-02-04T13:15:46","date_gmt":"2020-02-04T12:15:46","guid":{"rendered":"http:\/\/radioluna.iesalbarregas.com\/?p=406"},"modified":"2020-04-13T17:58:21","modified_gmt":"2020-04-13T16:58:21","slug":"diego-munoz-torrero","status":"publish","type":"post","link":"http:\/\/radioluna.iesalbarregas.com\/?p=406","title":{"rendered":"Diego Mu\u00f1oz -Torrero."},"content":{"rendered":"\n<p>Desde el pasado 22 de enero y hasta el pr\u00f3ximo 12 de febrero puede visitarse en la SUM del IES Albarregas la exposici\u00f3n Diego Mu\u00f1oz-Torrero. Algunos alumnos de 2\u00baD han pasado por el estudio de Radio Luna para contarnos sobre Diego Mu\u00f1oz-Torrero y su importancia en la historia, el contexto hist\u00f3rico en el que vivi\u00f3 y hablarnos de la exposici\u00f3n que se puede visitar en el IES Albarregas. La actividad, realizada con su profesora de Historia M\u00aa Dolores S\u00e1nchez, les ha servido para conocer la figura de Mu\u00f1oz-Torrero de quien Benito P\u00e9rez Gald\u00f3s afirm\u00f3: \u00abJam\u00e1s voz alguna fue o\u00edda con m\u00e1s respeto&#8230;\u00bb<\/p>\n\n\n\n<figure class=\"wp-block-audio\"><audio controls src=\"http:\/\/radioluna.iesalbarregas.com\/wp-content\/uploads\/2020\/02\/Mu\u00f1oz-Torrero.mp3\"><\/audio><\/figure>\n\n\n\n<figure class=\"wp-block-image size-large\"><img loading=\"lazy\" width=\"531\" height=\"1024\" src=\"http:\/\/radioluna.iesalbarregas.com\/wp-content\/uploads\/2020\/02\/IMG_20200204_013200-531x1024.jpg\" alt=\"\" class=\"wp-image-408\" srcset=\"http:\/\/radioluna.iesalbarregas.com\/wp-content\/uploads\/2020\/02\/IMG_20200204_013200-531x1024.jpg 531w, http:\/\/radioluna.iesalbarregas.com\/wp-content\/uploads\/2020\/02\/IMG_20200204_013200-156x300.jpg 156w, http:\/\/radioluna.iesalbarregas.com\/wp-content\/uploads\/2020\/02\/IMG_20200204_013200-768x1481.jpg 768w, http:\/\/radioluna.iesalbarregas.com\/wp-content\/uploads\/2020\/02\/IMG_20200204_013200-796x1536.jpg 796w, http:\/\/radioluna.iesalbarregas.com\/wp-content\/uploads\/2020\/02\/IMG_20200204_013200-1062x2048.jpg 1062w, http:\/\/radioluna.iesalbarregas.com\/wp-content\/uploads\/2020\/02\/IMG_20200204_013200-scaled.jpg 1327w\" sizes=\"(max-width: 531px) 100vw, 531px\" \/><\/figure>\n\n\n\n<figure class=\"wp-block-image size-large\"><img loading=\"lazy\" width=\"768\" height=\"1024\" src=\"http:\/\/radioluna.iesalbarregas.com\/wp-content\/uploads\/2020\/02\/IMG_20200203_201636-768x1024.jpg\" alt=\"\" class=\"wp-image-409\" srcset=\"http:\/\/radioluna.iesalbarregas.com\/wp-content\/uploads\/2020\/02\/IMG_20200203_201636-768x1024.jpg 768w, http:\/\/radioluna.iesalbarregas.com\/wp-content\/uploads\/2020\/02\/IMG_20200203_201636-225x300.jpg 225w, http:\/\/radioluna.iesalbarregas.com\/wp-content\/uploads\/2020\/02\/IMG_20200203_201636-1152x1536.jpg 1152w, http:\/\/radioluna.iesalbarregas.com\/wp-content\/uploads\/2020\/02\/IMG_20200203_201636-1536x2048.jpg 1536w, http:\/\/radioluna.iesalbarregas.com\/wp-content\/uploads\/2020\/02\/IMG_20200203_201636-scaled.jpg 1920w\" sizes=\"(max-width: 768px) 100vw, 768px\" \/><\/figure>\n\n\n\n<figure class=\"wp-block-image size-large\"><img loading=\"lazy\" width=\"768\" height=\"1024\" src=\"http:\/\/radioluna.iesalbarregas.com\/wp-content\/uploads\/2020\/02\/IMG_20200203_201547-768x1024.jpg\" alt=\"\" class=\"wp-image-410\" srcset=\"http:\/\/radioluna.iesalbarregas.com\/wp-content\/uploads\/2020\/02\/IMG_20200203_201547-768x1024.jpg 768w, http:\/\/radioluna.iesalbarregas.com\/wp-content\/uploads\/2020\/02\/IMG_20200203_201547-225x300.jpg 225w, http:\/\/radioluna.iesalbarregas.com\/wp-content\/uploads\/2020\/02\/IMG_20200203_201547-1152x1536.jpg 1152w, http:\/\/radioluna.iesalbarregas.com\/wp-content\/uploads\/2020\/02\/IMG_20200203_201547-1536x2048.jpg 1536w, http:\/\/radioluna.iesalbarregas.com\/wp-content\/uploads\/2020\/02\/IMG_20200203_201547-scaled.jpg 1920w\" sizes=\"(max-width: 768px) 100vw, 768px\" \/><figcaption>Busto de Mu\u00f1oz- Torrero y r\u00e9plica de la Constituci\u00f3n de 1812.<\/figcaption><\/figure>\n","protected":false},"excerpt":{"rendered":"<p>Desde el pasado 22 de enero y hasta el pr\u00f3ximo 12 de febrero puede visitarse en la SUM del IES Albarregas la exposici\u00f3n Diego Mu\u00f1oz-Torrero. Algunos alumnos de 2\u00baD han pasado por el estudio de Radio Luna para contarnos sobre &hellip; <a href=\"http:\/\/radioluna.iesalbarregas.com\/?p=406\">Sigue leyendo <span class=\"meta-nav\">&rarr;<\/span><\/a><\/p>\n","protected":false},"author":2,"featured_media":0,"comment_status":"open","ping_status":"open","sticky":false,"template":"","format":"standard","meta":[],"categories":[9],"tags":[13,21,11],"_links":{"self":[{"href":"http:\/\/radioluna.iesalbarregas.com\/index.php?rest_route=\/wp\/v2\/posts\/406"}],"collection":[{"href":"http:\/\/radioluna.iesalbarregas.com\/index.php?rest_route=\/wp\/v2\/posts"}],"about":[{"href":"http:\/\/radioluna.iesalbarregas.com\/index.php?rest_route=\/wp\/v2\/types\/post"}],"author":[{"embeddable":true,"href":"http:\/\/radioluna.iesalbarregas.com\/index.php?rest_route=\/wp\/v2\/users\/2"}],"replies":[{"embeddable":true,"href":"http:\/\/radioluna.iesalbarregas.com\/index.php?rest_route=%2Fwp%2Fv2%2Fcomments&post=406"}],"version-history":[{"count":1,"href":"http:\/\/radioluna.iesalbarregas.com\/index.php?rest_route=\/wp\/v2\/posts\/406\/revisions"}],"predecessor-version":[{"id":411,"href":"http:\/\/radioluna.iesalbarregas.com\/index.php?rest_route=\/wp\/v2\/posts\/406\/revisions\/411"}],"wp:attachment":[{"href":"http:\/\/radioluna.iesalbarregas.com\/index.php?rest_route=%2Fwp%2Fv2%2Fmedia&parent=406"}],"wp:term":[{"taxonomy":"category","embeddable":true,"href":"http:\/\/radioluna.iesalbarregas.com\/index.php?rest_route=%2Fwp%2Fv2%2Fcategories&post=406"},{"taxonomy":"post_tag","embeddable":true,"href":"http:\/\/radioluna.iesalbarregas.com\/index.php?rest_route=%2Fwp%2Fv2%2Ftags&post=406"}],"curies":[{"name":"wp","href":"https:\/\/api.w.org\/{rel}","templated":true}]}}