{"id":395,"date":"2020-01-31T13:32:58","date_gmt":"2020-01-31T12:32:58","guid":{"rendered":"http:\/\/radioluna.iesalbarregas.com\/?p=395"},"modified":"2020-10-28T12:54:33","modified_gmt":"2020-10-28T11:54:33","slug":"the-day-of","status":"publish","type":"post","link":"http:\/\/radioluna.iesalbarregas.com\/?p=395","title":{"rendered":"The Day of."},"content":{"rendered":"\n<p>Los alumnos de 4\u00baD han comenzado un proyecto con la profesora de Ingl\u00e9s Ana M\u00aa Montero llamado The Day of. En esta serie de programas hablar\u00e1n de la importancia de celebrar una serie de D\u00edas en los que se busca concienciar a la poblaci\u00f3n sobre asuntos como la paz, la tolerancia, la lucha contra enfermedades, etc. En el primer programa de la serie, \u00c1ngela, Marta, Ainara y Cristina nos han contado en qu\u00e9 consiste el proyecto y la importancia de los d\u00edas de&#8230; A los controles de sonido ha estado Carolina.<\/p>\n\n\n\n<figure class=\"wp-block-audio\"><audio controls src=\"http:\/\/radioluna.iesalbarregas.com\/wp-content\/uploads\/2020\/01\/the-day-of-1.mp3\"><\/audio><\/figure>\n\n\n\n<figure class=\"wp-block-image size-large\"><img loading=\"lazy\" width=\"1024\" height=\"768\" src=\"http:\/\/radioluna.iesalbarregas.com\/wp-content\/uploads\/2020\/01\/The-Day-of1-1024x768.jpg\" alt=\"\" class=\"wp-image-397\" srcset=\"http:\/\/radioluna.iesalbarregas.com\/wp-content\/uploads\/2020\/01\/The-Day-of1-1024x768.jpg 1024w, http:\/\/radioluna.iesalbarregas.com\/wp-content\/uploads\/2020\/01\/The-Day-of1-300x225.jpg 300w, http:\/\/radioluna.iesalbarregas.com\/wp-content\/uploads\/2020\/01\/The-Day-of1-768x576.jpg 768w, http:\/\/radioluna.iesalbarregas.com\/wp-content\/uploads\/2020\/01\/The-Day-of1-1536x1152.jpg 1536w, http:\/\/radioluna.iesalbarregas.com\/wp-content\/uploads\/2020\/01\/The-Day-of1-2048x1536.jpg 2048w, http:\/\/radioluna.iesalbarregas.com\/wp-content\/uploads\/2020\/01\/The-Day-of1-400x300.jpg 400w\" sizes=\"(max-width: 1024px) 100vw, 1024px\" \/><\/figure>\n\n\n\n<figure class=\"wp-block-image size-large\"><img loading=\"lazy\" width=\"1024\" height=\"768\" src=\"http:\/\/radioluna.iesalbarregas.com\/wp-content\/uploads\/2020\/01\/The-Day-of2-1024x768.jpg\" alt=\"\" class=\"wp-image-398\" srcset=\"http:\/\/radioluna.iesalbarregas.com\/wp-content\/uploads\/2020\/01\/The-Day-of2-1024x768.jpg 1024w, http:\/\/radioluna.iesalbarregas.com\/wp-content\/uploads\/2020\/01\/The-Day-of2-300x225.jpg 300w, http:\/\/radioluna.iesalbarregas.com\/wp-content\/uploads\/2020\/01\/The-Day-of2-768x576.jpg 768w, http:\/\/radioluna.iesalbarregas.com\/wp-content\/uploads\/2020\/01\/The-Day-of2-1536x1152.jpg 1536w, http:\/\/radioluna.iesalbarregas.com\/wp-content\/uploads\/2020\/01\/The-Day-of2-2048x1536.jpg 2048w, http:\/\/radioluna.iesalbarregas.com\/wp-content\/uploads\/2020\/01\/The-Day-of2-400x300.jpg 400w\" sizes=\"(max-width: 1024px) 100vw, 1024px\" \/><\/figure>\n","protected":false},"excerpt":{"rendered":"<p>Los alumnos de 4\u00baD han comenzado un proyecto con la profesora de Ingl\u00e9s Ana M\u00aa Montero llamado The Day of. En esta serie de programas hablar\u00e1n de la importancia de celebrar una serie de D\u00edas en los que se busca &hellip; <a href=\"http:\/\/radioluna.iesalbarregas.com\/?p=395\">Sigue leyendo <span class=\"meta-nav\">&rarr;<\/span><\/a><\/p>\n","protected":false},"author":2,"featured_media":0,"comment_status":"open","ping_status":"open","sticky":false,"template":"","format":"standard","meta":[],"categories":[52,9],"tags":[18,11],"_links":{"self":[{"href":"http:\/\/radioluna.iesalbarregas.com\/index.php?rest_route=\/wp\/v2\/posts\/395"}],"collection":[{"href":"http:\/\/radioluna.iesalbarregas.com\/index.php?rest_route=\/wp\/v2\/posts"}],"about":[{"href":"http:\/\/radioluna.iesalbarregas.com\/index.php?rest_route=\/wp\/v2\/types\/post"}],"author":[{"embeddable":true,"href":"http:\/\/radioluna.iesalbarregas.com\/index.php?rest_route=\/wp\/v2\/users\/2"}],"replies":[{"embeddable":true,"href":"http:\/\/radioluna.iesalbarregas.com\/index.php?rest_route=%2Fwp%2Fv2%2Fcomments&post=395"}],"version-history":[{"count":2,"href":"http:\/\/radioluna.iesalbarregas.com\/index.php?rest_route=\/wp\/v2\/posts\/395\/revisions"}],"predecessor-version":[{"id":728,"href":"http:\/\/radioluna.iesalbarregas.com\/index.php?rest_route=\/wp\/v2\/posts\/395\/revisions\/728"}],"wp:attachment":[{"href":"http:\/\/radioluna.iesalbarregas.com\/index.php?rest_route=%2Fwp%2Fv2%2Fmedia&parent=395"}],"wp:term":[{"taxonomy":"category","embeddable":true,"href":"http:\/\/radioluna.iesalbarregas.com\/index.php?rest_route=%2Fwp%2Fv2%2Fcategories&post=395"},{"taxonomy":"post_tag","embeddable":true,"href":"http:\/\/radioluna.iesalbarregas.com\/index.php?rest_route=%2Fwp%2Fv2%2Ftags&post=395"}],"curies":[{"name":"wp","href":"https:\/\/api.w.org\/{rel}","templated":true}]}}