{"id":376,"date":"2020-01-13T08:55:00","date_gmt":"2020-01-13T07:55:00","guid":{"rendered":"http:\/\/radioluna.iesalbarregas.com\/?p=376"},"modified":"2020-04-28T08:41:03","modified_gmt":"2020-04-28T07:41:03","slug":"educacion-para-la-salud","status":"publish","type":"post","link":"http:\/\/radioluna.iesalbarregas.com\/?p=376","title":{"rendered":"Educaci\u00f3n para la Salud"},"content":{"rendered":"\n<p>El pasado 19 de diciembre,&nbsp;el departamento de Biolog\u00eda llev\u00f3 a cabo con el alumnado de 3\u00ba ESO una jornada de Educaci\u00f3n para la Salud.&nbsp;El d\u00eda comenz\u00f3 con una charla sobre \u00abAlimentaci\u00f3n y Salud\u00bb a cargo de Carmen Romero,&nbsp;enfermera y profesora de Procedimientos Sanitarios.&nbsp;Al finalizar su intervenci\u00f3n,&nbsp;algunas alumnas le pudieron hacer una entrevista en la radio.<\/p>\n\n\n\n<p>Despu\u00e9s de la charla,&nbsp;varios representantes de cada grupo hicieron la final de Kahoot,&nbsp;un juego on line sobre preguntas de alimentaci\u00f3n.&nbsp;Para acabar la jornada se les sirvi\u00f3 un desayuno saludable que consist\u00eda en bocadillo,&nbsp;zumo o leche y una pieza de fruta.&nbsp;Tambi\u00e9n estaba previsto participar en la marcha solidaria,&nbsp;pero por motivos meteorol\u00f3gicos tuvo que suspenderse y ha quedado aplazada.<\/p>\n\n\n\n<figure class=\"wp-block-audio\"><audio controls src=\"http:\/\/radioluna.iesalbarregas.com\/wp-content\/uploads\/2020\/01\/Desayuno-saludable-19-12.mp3\"><\/audio><\/figure>\n\n\n\n<figure class=\"wp-block-image size-large\"><img loading=\"lazy\" width=\"1024\" height=\"768\" src=\"http:\/\/radioluna.iesalbarregas.com\/wp-content\/uploads\/2020\/01\/IMG-20191219-WA0004-1024x768.jpg\" alt=\"\" class=\"wp-image-378\" srcset=\"http:\/\/radioluna.iesalbarregas.com\/wp-content\/uploads\/2020\/01\/IMG-20191219-WA0004-1024x768.jpg 1024w, http:\/\/radioluna.iesalbarregas.com\/wp-content\/uploads\/2020\/01\/IMG-20191219-WA0004-300x225.jpg 300w, http:\/\/radioluna.iesalbarregas.com\/wp-content\/uploads\/2020\/01\/IMG-20191219-WA0004-768x576.jpg 768w, http:\/\/radioluna.iesalbarregas.com\/wp-content\/uploads\/2020\/01\/IMG-20191219-WA0004-1536x1152.jpg 1536w, http:\/\/radioluna.iesalbarregas.com\/wp-content\/uploads\/2020\/01\/IMG-20191219-WA0004-400x300.jpg 400w, http:\/\/radioluna.iesalbarregas.com\/wp-content\/uploads\/2020\/01\/IMG-20191219-WA0004.jpg 2016w\" sizes=\"(max-width: 1024px) 100vw, 1024px\" \/><\/figure>\n","protected":false},"excerpt":{"rendered":"<p>El pasado 19 de diciembre,&nbsp;el departamento de Biolog\u00eda llev\u00f3 a cabo con el alumnado de 3\u00ba ESO una jornada de Educaci\u00f3n para la Salud.&nbsp;El d\u00eda comenz\u00f3 con una charla sobre \u00abAlimentaci\u00f3n y Salud\u00bb a cargo de Carmen Romero,&nbsp;enfermera y profesora &hellip; <a href=\"http:\/\/radioluna.iesalbarregas.com\/?p=376\">Sigue leyendo <span class=\"meta-nav\">&rarr;<\/span><\/a><\/p>\n","protected":false},"author":2,"featured_media":0,"comment_status":"open","ping_status":"open","sticky":false,"template":"","format":"standard","meta":[],"categories":[9],"tags":[14,13,15,17,16,11],"_links":{"self":[{"href":"http:\/\/radioluna.iesalbarregas.com\/index.php?rest_route=\/wp\/v2\/posts\/376"}],"collection":[{"href":"http:\/\/radioluna.iesalbarregas.com\/index.php?rest_route=\/wp\/v2\/posts"}],"about":[{"href":"http:\/\/radioluna.iesalbarregas.com\/index.php?rest_route=\/wp\/v2\/types\/post"}],"author":[{"embeddable":true,"href":"http:\/\/radioluna.iesalbarregas.com\/index.php?rest_route=\/wp\/v2\/users\/2"}],"replies":[{"embeddable":true,"href":"http:\/\/radioluna.iesalbarregas.com\/index.php?rest_route=%2Fwp%2Fv2%2Fcomments&post=376"}],"version-history":[{"count":3,"href":"http:\/\/radioluna.iesalbarregas.com\/index.php?rest_route=\/wp\/v2\/posts\/376\/revisions"}],"predecessor-version":[{"id":722,"href":"http:\/\/radioluna.iesalbarregas.com\/index.php?rest_route=\/wp\/v2\/posts\/376\/revisions\/722"}],"wp:attachment":[{"href":"http:\/\/radioluna.iesalbarregas.com\/index.php?rest_route=%2Fwp%2Fv2%2Fmedia&parent=376"}],"wp:term":[{"taxonomy":"category","embeddable":true,"href":"http:\/\/radioluna.iesalbarregas.com\/index.php?rest_route=%2Fwp%2Fv2%2Fcategories&post=376"},{"taxonomy":"post_tag","embeddable":true,"href":"http:\/\/radioluna.iesalbarregas.com\/index.php?rest_route=%2Fwp%2Fv2%2Ftags&post=376"}],"curies":[{"name":"wp","href":"https:\/\/api.w.org\/{rel}","templated":true}]}}