{"id":274,"date":"2019-06-02T23:34:28","date_gmt":"2019-06-02T22:34:28","guid":{"rendered":"http:\/\/radioluna.iesalbarregas.com\/?p=274"},"modified":"2020-04-05T12:31:16","modified_gmt":"2020-04-05T11:31:16","slug":"radioluna-en-la-feria-del-libro-de-merida","status":"publish","type":"post","link":"http:\/\/radioluna.iesalbarregas.com\/?p=274","title":{"rendered":"RadioLuna en la Feria del Libro de M\u00e9rida"},"content":{"rendered":"\n<p style=\"text-align: justify;\"><p>Sigue <strong><em>RadioLuna<\/em><\/strong> contando \u00abcosas\u00bb. En esta ocasi\u00f3n nos hemos desplazado a la <strong><em>Feria del Libro<\/em><\/strong> de M\u00e9rida, donde <strong><em>RadioEdu<\/em><\/strong>, de la <strong><em>Consejer\u00eda de Educaci\u00f3n y Empleo<\/em><\/strong>, ha instalado una carpa e invitado a distintos centros educativos a realizar sus programas desde all\u00ed. Y nosotros os lo contamos. Ha sido una bonita experiencia, que agradecemos a <strong><em>RadioEdu<\/em><\/strong>. En esta ocasi\u00f3n pod\u00e9is ver el programa aqu\u00ed, en la secci\u00f3n \u00ab<strong><em><a href=\"http:\/\/radioluna.iesalbarregas.com\/?page_id=2\">Programas emitidos<\/a><\/em><\/strong>\u00ab, o en la web de <strong><em><a href=\"http:\/\/radioedu.educarex.es\/blog\/2019\/06\/03\/feria-del-libro-de-merida-y-radioedu\/\">RadioEdu<\/a><\/em><\/strong>.<\/p><\/p>\n","protected":false},"excerpt":{"rendered":"<p>Sigue RadioLuna contando \u00abcosas\u00bb. En esta ocasi\u00f3n nos hemos desplazado a la Feria del Libro de M\u00e9rida, donde RadioEdu, de la Consejer\u00eda de Educaci\u00f3n y Empleo, ha instalado una carpa e invitado a distintos centros educativos a realizar sus programas &hellip; <a href=\"http:\/\/radioluna.iesalbarregas.com\/?p=274\">Sigue leyendo <span class=\"meta-nav\">&rarr;<\/span><\/a><\/p>\n","protected":false},"author":1,"featured_media":0,"comment_status":"open","ping_status":"open","sticky":false,"template":"","format":"standard","meta":[],"categories":[44],"tags":[4],"_links":{"self":[{"href":"http:\/\/radioluna.iesalbarregas.com\/index.php?rest_route=\/wp\/v2\/posts\/274"}],"collection":[{"href":"http:\/\/radioluna.iesalbarregas.com\/index.php?rest_route=\/wp\/v2\/posts"}],"about":[{"href":"http:\/\/radioluna.iesalbarregas.com\/index.php?rest_route=\/wp\/v2\/types\/post"}],"author":[{"embeddable":true,"href":"http:\/\/radioluna.iesalbarregas.com\/index.php?rest_route=\/wp\/v2\/users\/1"}],"replies":[{"embeddable":true,"href":"http:\/\/radioluna.iesalbarregas.com\/index.php?rest_route=%2Fwp%2Fv2%2Fcomments&post=274"}],"version-history":[{"count":5,"href":"http:\/\/radioluna.iesalbarregas.com\/index.php?rest_route=\/wp\/v2\/posts\/274\/revisions"}],"predecessor-version":[{"id":310,"href":"http:\/\/radioluna.iesalbarregas.com\/index.php?rest_route=\/wp\/v2\/posts\/274\/revisions\/310"}],"wp:attachment":[{"href":"http:\/\/radioluna.iesalbarregas.com\/index.php?rest_route=%2Fwp%2Fv2%2Fmedia&parent=274"}],"wp:term":[{"taxonomy":"category","embeddable":true,"href":"http:\/\/radioluna.iesalbarregas.com\/index.php?rest_route=%2Fwp%2Fv2%2Fcategories&post=274"},{"taxonomy":"post_tag","embeddable":true,"href":"http:\/\/radioluna.iesalbarregas.com\/index.php?rest_route=%2Fwp%2Fv2%2Ftags&post=274"}],"curies":[{"name":"wp","href":"https:\/\/api.w.org\/{rel}","templated":true}]}}