{"id":2579,"date":"2026-04-27T08:15:34","date_gmt":"2026-04-27T07:15:34","guid":{"rendered":"http:\/\/radioluna.iesalbarregas.com\/?p=2579"},"modified":"2026-04-27T08:15:34","modified_gmt":"2026-04-27T07:15:34","slug":"dia-mundial-del-sindrome-de-down","status":"publish","type":"post","link":"http:\/\/radioluna.iesalbarregas.com\/?p=2579","title":{"rendered":"D\u00eda Mundial del S\u00edndrome de Down"},"content":{"rendered":"\n<p>El pasado 21 de marzo celebramos el D\u00eda Mundial del S\u00edndrome de Down. Nuestro alumnado de 4\u00baESO Atenci\u00f3n Educativa lleva trabajando con ellos y haciendo actividades desde principio de curso, as\u00ed que no podr\u00edan sino celebrar con ellos este d\u00eda tan importante. Para ello, Down M\u00e9rida ha venido, otro d\u00eda m\u00e1s, a nuestro centro para realizar juntos una gymkana muy especial. Todas las pruebas han ayudado a reflexionar sobre las dificultades a las que se enfrentan, d\u00eda a d\u00eda, las personas con discapacidad. Nuestro alumnado ha realizado juegos con condiciones algo m\u00e1s complicadas de los normal que les ha permitido a ser conscientes de todo ello. Despu\u00e9s, algunos de nuestros alumnado, junto con Carlos y Cristina, usuarios de Down M\u00e9rida, han compartido impresiones sobre el proyecto y la actividad realizada en RadioLuna. <\/p>\n\n\n\n<figure class=\"wp-block-audio\"><audio controls src=\"http:\/\/radioluna.iesalbarregas.com\/wp-content\/uploads\/2026\/04\/Programa-de-Atencion-educativa.mp3\"><\/audio><\/figure>\n","protected":false},"excerpt":{"rendered":"<p>El pasado 21 de marzo celebramos el D\u00eda Mundial del S\u00edndrome de Down. Nuestro alumnado de 4\u00baESO Atenci\u00f3n Educativa lleva trabajando con ellos y haciendo actividades desde principio de curso, as\u00ed que no podr\u00edan sino celebrar con ellos este d\u00eda &hellip; <a href=\"http:\/\/radioluna.iesalbarregas.com\/?p=2579\">Sigue leyendo <span class=\"meta-nav\">&rarr;<\/span><\/a><\/p>\n","protected":false},"author":5,"featured_media":0,"comment_status":"closed","ping_status":"closed","sticky":false,"template":"","format":"standard","meta":[],"categories":[1],"tags":[],"_links":{"self":[{"href":"http:\/\/radioluna.iesalbarregas.com\/index.php?rest_route=\/wp\/v2\/posts\/2579"}],"collection":[{"href":"http:\/\/radioluna.iesalbarregas.com\/index.php?rest_route=\/wp\/v2\/posts"}],"about":[{"href":"http:\/\/radioluna.iesalbarregas.com\/index.php?rest_route=\/wp\/v2\/types\/post"}],"author":[{"embeddable":true,"href":"http:\/\/radioluna.iesalbarregas.com\/index.php?rest_route=\/wp\/v2\/users\/5"}],"replies":[{"embeddable":true,"href":"http:\/\/radioluna.iesalbarregas.com\/index.php?rest_route=%2Fwp%2Fv2%2Fcomments&post=2579"}],"version-history":[{"count":1,"href":"http:\/\/radioluna.iesalbarregas.com\/index.php?rest_route=\/wp\/v2\/posts\/2579\/revisions"}],"predecessor-version":[{"id":2581,"href":"http:\/\/radioluna.iesalbarregas.com\/index.php?rest_route=\/wp\/v2\/posts\/2579\/revisions\/2581"}],"wp:attachment":[{"href":"http:\/\/radioluna.iesalbarregas.com\/index.php?rest_route=%2Fwp%2Fv2%2Fmedia&parent=2579"}],"wp:term":[{"taxonomy":"category","embeddable":true,"href":"http:\/\/radioluna.iesalbarregas.com\/index.php?rest_route=%2Fwp%2Fv2%2Fcategories&post=2579"},{"taxonomy":"post_tag","embeddable":true,"href":"http:\/\/radioluna.iesalbarregas.com\/index.php?rest_route=%2Fwp%2Fv2%2Ftags&post=2579"}],"curies":[{"name":"wp","href":"https:\/\/api.w.org\/{rel}","templated":true}]}}