{"id":248,"date":"2019-03-08T17:28:42","date_gmt":"2019-03-08T16:28:42","guid":{"rendered":"http:\/\/radioluna.iesalbarregas.com\/?p=248"},"modified":"2020-04-05T12:30:56","modified_gmt":"2020-04-05T11:30:56","slug":"edad-media-rosalia-y-la-mujer","status":"publish","type":"post","link":"http:\/\/radioluna.iesalbarregas.com\/?p=248","title":{"rendered":"Edad media, Rosal\u00eda y la mujer."},"content":{"rendered":"<p style=\"text-align: justify;\">8 de marzo, d\u00eda relevante, y nuevo programa y nueva secci\u00f3n: \u201c<span style=\"color: #ff6600;\"><em><strong>la entrevista de Raquel<\/strong><\/em><\/span>\u201d. Nuestra compa\u00f1era Raquel Nevado ha decidido colaborar con RadioLuna realizando entrevistas a miembros de la comunidad educativa del Albarregas. \u00a1Hasta le hemos preparado una cortinilla para su secci\u00f3n!<\/p>\n<p style=\"text-align: justify;\">En esta primera ocasi\u00f3n, y dado que es el d\u00eda internacional de la mujer, Raquel ha entrevistado a Jaime Covars\u00ed, profesor de lengua castellana y literatura en el Albarregas, quien nos habla del trabajo de su tesis doctoral sobre una obra medieval que trata sobre el maltrato a la mujer: <em><strong><span style=\"color: #ff6600;\">El Roman de Flamenca<\/span><\/strong><\/em>. Curiosamente, es la misma obra en la que se inspir\u00f3 Rosal\u00eda para conformar su primer disco. De ello va la entrevista. Esperamos que os resulte de inter\u00e9s. Ya sab\u00e9is, en la secci\u00f3n de <a href=\"http:\/\/radioluna.iesalbarregas.com\/?page_id=2\"><strong><span style=\"color: #ff6600;\"><em>Programas emitidos<\/em><\/span><\/strong><\/a><span style=\"color: #ff6600;\"><span style=\"color: #000000;\">.<\/span><\/span><\/p>\n","protected":false},"excerpt":{"rendered":"<p>8 de marzo, d\u00eda relevante, y nuevo programa y nueva secci\u00f3n: \u201cla entrevista de Raquel\u201d. Nuestra compa\u00f1era Raquel Nevado ha decidido colaborar con RadioLuna realizando entrevistas a miembros de la comunidad educativa del Albarregas. \u00a1Hasta le hemos preparado una cortinilla &hellip; <a href=\"http:\/\/radioluna.iesalbarregas.com\/?p=248\">Sigue leyendo <span class=\"meta-nav\">&rarr;<\/span><\/a><\/p>\n","protected":false},"author":1,"featured_media":0,"comment_status":"open","ping_status":"open","sticky":false,"template":"","format":"standard","meta":[],"categories":[44],"tags":[4],"_links":{"self":[{"href":"http:\/\/radioluna.iesalbarregas.com\/index.php?rest_route=\/wp\/v2\/posts\/248"}],"collection":[{"href":"http:\/\/radioluna.iesalbarregas.com\/index.php?rest_route=\/wp\/v2\/posts"}],"about":[{"href":"http:\/\/radioluna.iesalbarregas.com\/index.php?rest_route=\/wp\/v2\/types\/post"}],"author":[{"embeddable":true,"href":"http:\/\/radioluna.iesalbarregas.com\/index.php?rest_route=\/wp\/v2\/users\/1"}],"replies":[{"embeddable":true,"href":"http:\/\/radioluna.iesalbarregas.com\/index.php?rest_route=%2Fwp%2Fv2%2Fcomments&post=248"}],"version-history":[{"count":7,"href":"http:\/\/radioluna.iesalbarregas.com\/index.php?rest_route=\/wp\/v2\/posts\/248\/revisions"}],"predecessor-version":[{"id":261,"href":"http:\/\/radioluna.iesalbarregas.com\/index.php?rest_route=\/wp\/v2\/posts\/248\/revisions\/261"}],"wp:attachment":[{"href":"http:\/\/radioluna.iesalbarregas.com\/index.php?rest_route=%2Fwp%2Fv2%2Fmedia&parent=248"}],"wp:term":[{"taxonomy":"category","embeddable":true,"href":"http:\/\/radioluna.iesalbarregas.com\/index.php?rest_route=%2Fwp%2Fv2%2Fcategories&post=248"},{"taxonomy":"post_tag","embeddable":true,"href":"http:\/\/radioluna.iesalbarregas.com\/index.php?rest_route=%2Fwp%2Fv2%2Ftags&post=248"}],"curies":[{"name":"wp","href":"https:\/\/api.w.org\/{rel}","templated":true}]}}