{"id":2425,"date":"2025-03-21T08:00:00","date_gmt":"2025-03-21T07:00:00","guid":{"rendered":"http:\/\/radioluna.iesalbarregas.com\/?p=2425"},"modified":"2025-05-20T17:48:15","modified_gmt":"2025-05-20T16:48:15","slug":"encuentro-literario-con-manuel-avila-marin-en-el-ies-albarregas","status":"publish","type":"post","link":"http:\/\/radioluna.iesalbarregas.com\/?p=2425","title":{"rendered":"\u00a1Encuentro literario con Manuel \u00c1vila Mar\u00edn en el IES Albarregas!"},"content":{"rendered":"\n<figure class=\"wp-block-audio\"><audio controls src=\"http:\/\/radioluna.iesalbarregas.com\/wp-content\/uploads\/2025\/03\/Autor.mp3\"><\/audio><\/figure>\n\n\n\n<p class=\"has-text-align-left\">El pasado 20 de marzo tuvimos el placer de compartir un momento \u00fanico con nuestro alumnado de 1\u00ba y 2\u00ba de ESO, quienes disfrutaron de una charla inspiradora con el autor.&nbsp;&nbsp;Fue una jornada de reflexi\u00f3n y aprendizaje, donde se intercambiaron impresiones sobre sus historias y el proceso creativo.<br>Adem\u00e1s, el alumnado de 1\u00ba de Bachillerato grab\u00f3 un programa de radio especial, entrevistando al escritor para conocer m\u00e1s sobre su forma de escribir y sus pr\u00f3ximos proyectos. \u00a1Una experiencia enriquecedora para todos<\/p>\n\n\n\n<p class=\"has-text-align-left\">Gracias, Manuel \u00c1vila Mar\u00edn, por tu visita y por compartir tu pasi\u00f3n por la literatura con nosotros. \u00a1Esperamos verte pronto!<\/p>\n\n\n\n<p class=\"has-text-align-left\">&nbsp;#EncuentroLiterario #Manuel\u00c1vilaMar\u00edn #IESAlbarregas #AmamosLaLectura #RadioEscolar #Pasi\u00f3nPorLasHistorias #LeerEsVivir&nbsp;<\/p>\n\n\n\n<figure class=\"wp-block-image size-large\"><a href=\"http:\/\/radioluna.iesalbarregas.com\/wp-content\/uploads\/2025\/03\/IMG-20250320-WA0017-scaled.jpg\"><img loading=\"lazy\" width=\"1024\" height=\"768\" src=\"http:\/\/radioluna.iesalbarregas.com\/wp-content\/uploads\/2025\/03\/IMG-20250320-WA0017-1024x768.jpg\" alt=\"\" class=\"wp-image-2427\" srcset=\"http:\/\/radioluna.iesalbarregas.com\/wp-content\/uploads\/2025\/03\/IMG-20250320-WA0017-1024x768.jpg 1024w, http:\/\/radioluna.iesalbarregas.com\/wp-content\/uploads\/2025\/03\/IMG-20250320-WA0017-300x225.jpg 300w, http:\/\/radioluna.iesalbarregas.com\/wp-content\/uploads\/2025\/03\/IMG-20250320-WA0017-768x576.jpg 768w, http:\/\/radioluna.iesalbarregas.com\/wp-content\/uploads\/2025\/03\/IMG-20250320-WA0017-1536x1152.jpg 1536w, http:\/\/radioluna.iesalbarregas.com\/wp-content\/uploads\/2025\/03\/IMG-20250320-WA0017-2048x1536.jpg 2048w, http:\/\/radioluna.iesalbarregas.com\/wp-content\/uploads\/2025\/03\/IMG-20250320-WA0017-400x300.jpg 400w\" sizes=\"(max-width: 1024px) 100vw, 1024px\" \/><\/a><\/figure>\n\n\n\n<figure class=\"wp-block-image size-large\"><a href=\"http:\/\/radioluna.iesalbarregas.com\/wp-content\/uploads\/2025\/03\/IMG-20250320-WA0016-scaled.jpg\"><img loading=\"lazy\" width=\"1024\" height=\"768\" src=\"http:\/\/radioluna.iesalbarregas.com\/wp-content\/uploads\/2025\/03\/IMG-20250320-WA0016-1024x768.jpg\" alt=\"\" class=\"wp-image-2428\" srcset=\"http:\/\/radioluna.iesalbarregas.com\/wp-content\/uploads\/2025\/03\/IMG-20250320-WA0016-1024x768.jpg 1024w, http:\/\/radioluna.iesalbarregas.com\/wp-content\/uploads\/2025\/03\/IMG-20250320-WA0016-300x225.jpg 300w, http:\/\/radioluna.iesalbarregas.com\/wp-content\/uploads\/2025\/03\/IMG-20250320-WA0016-768x576.jpg 768w, http:\/\/radioluna.iesalbarregas.com\/wp-content\/uploads\/2025\/03\/IMG-20250320-WA0016-1536x1152.jpg 1536w, http:\/\/radioluna.iesalbarregas.com\/wp-content\/uploads\/2025\/03\/IMG-20250320-WA0016-2048x1536.jpg 2048w, http:\/\/radioluna.iesalbarregas.com\/wp-content\/uploads\/2025\/03\/IMG-20250320-WA0016-400x300.jpg 400w\" sizes=\"(max-width: 1024px) 100vw, 1024px\" \/><\/a><\/figure>\n\n\n\n<figure class=\"wp-block-image size-large\"><a href=\"http:\/\/radioluna.iesalbarregas.com\/wp-content\/uploads\/2025\/03\/IMG-20250320-WA0007-scaled.jpg\"><img loading=\"lazy\" width=\"1024\" height=\"768\" src=\"http:\/\/radioluna.iesalbarregas.com\/wp-content\/uploads\/2025\/03\/IMG-20250320-WA0007-1024x768.jpg\" alt=\"\" class=\"wp-image-2429\" srcset=\"http:\/\/radioluna.iesalbarregas.com\/wp-content\/uploads\/2025\/03\/IMG-20250320-WA0007-1024x768.jpg 1024w, http:\/\/radioluna.iesalbarregas.com\/wp-content\/uploads\/2025\/03\/IMG-20250320-WA0007-300x225.jpg 300w, http:\/\/radioluna.iesalbarregas.com\/wp-content\/uploads\/2025\/03\/IMG-20250320-WA0007-768x576.jpg 768w, http:\/\/radioluna.iesalbarregas.com\/wp-content\/uploads\/2025\/03\/IMG-20250320-WA0007-1536x1152.jpg 1536w, http:\/\/radioluna.iesalbarregas.com\/wp-content\/uploads\/2025\/03\/IMG-20250320-WA0007-2048x1536.jpg 2048w, http:\/\/radioluna.iesalbarregas.com\/wp-content\/uploads\/2025\/03\/IMG-20250320-WA0007-400x300.jpg 400w\" sizes=\"(max-width: 1024px) 100vw, 1024px\" \/><\/a><\/figure>\n","protected":false},"excerpt":{"rendered":"<p>El pasado 20 de marzo tuvimos el placer de compartir un momento \u00fanico con nuestro alumnado de 1\u00ba y 2\u00ba de ESO, quienes disfrutaron de una charla inspiradora con el autor.&nbsp;&nbsp;Fue una jornada de reflexi\u00f3n y aprendizaje, donde se intercambiaron &hellip; <a href=\"http:\/\/radioluna.iesalbarregas.com\/?p=2425\">Sigue leyendo <span class=\"meta-nav\">&rarr;<\/span><\/a><\/p>\n","protected":false},"author":5,"featured_media":0,"comment_status":"closed","ping_status":"closed","sticky":false,"template":"","format":"standard","meta":[],"categories":[1],"tags":[198,185],"_links":{"self":[{"href":"http:\/\/radioluna.iesalbarregas.com\/index.php?rest_route=\/wp\/v2\/posts\/2425"}],"collection":[{"href":"http:\/\/radioluna.iesalbarregas.com\/index.php?rest_route=\/wp\/v2\/posts"}],"about":[{"href":"http:\/\/radioluna.iesalbarregas.com\/index.php?rest_route=\/wp\/v2\/types\/post"}],"author":[{"embeddable":true,"href":"http:\/\/radioluna.iesalbarregas.com\/index.php?rest_route=\/wp\/v2\/users\/5"}],"replies":[{"embeddable":true,"href":"http:\/\/radioluna.iesalbarregas.com\/index.php?rest_route=%2Fwp%2Fv2%2Fcomments&post=2425"}],"version-history":[{"count":3,"href":"http:\/\/radioluna.iesalbarregas.com\/index.php?rest_route=\/wp\/v2\/posts\/2425\/revisions"}],"predecessor-version":[{"id":2463,"href":"http:\/\/radioluna.iesalbarregas.com\/index.php?rest_route=\/wp\/v2\/posts\/2425\/revisions\/2463"}],"wp:attachment":[{"href":"http:\/\/radioluna.iesalbarregas.com\/index.php?rest_route=%2Fwp%2Fv2%2Fmedia&parent=2425"}],"wp:term":[{"taxonomy":"category","embeddable":true,"href":"http:\/\/radioluna.iesalbarregas.com\/index.php?rest_route=%2Fwp%2Fv2%2Fcategories&post=2425"},{"taxonomy":"post_tag","embeddable":true,"href":"http:\/\/radioluna.iesalbarregas.com\/index.php?rest_route=%2Fwp%2Fv2%2Ftags&post=2425"}],"curies":[{"name":"wp","href":"https:\/\/api.w.org\/{rel}","templated":true}]}}