{"id":2403,"date":"2025-03-13T13:34:17","date_gmt":"2025-03-13T12:34:17","guid":{"rendered":"http:\/\/radioluna.iesalbarregas.com\/?p=2403"},"modified":"2025-05-20T17:46:02","modified_gmt":"2025-05-20T16:46:02","slug":"ciclo-formativo-de-transporte-y-logistica","status":"publish","type":"post","link":"http:\/\/radioluna.iesalbarregas.com\/?p=2403","title":{"rendered":"Ciclo Formativo de Transporte y Log\u00edstica"},"content":{"rendered":"\n<figure class=\"wp-block-audio\"><audio controls src=\"http:\/\/radioluna.iesalbarregas.com\/wp-content\/uploads\/2025\/03\/AUD-20250311-WA0016.mp3\"><\/audio><\/figure>\n\n\n\n<figure class=\"wp-block-image size-large\"><a href=\"http:\/\/radioluna.iesalbarregas.com\/wp-content\/uploads\/2025\/03\/IMG-20250311-WA0011-1.jpg\"><img loading=\"lazy\" width=\"1024\" height=\"768\" src=\"http:\/\/radioluna.iesalbarregas.com\/wp-content\/uploads\/2025\/03\/IMG-20250311-WA0011-1-1024x768.jpg\" alt=\"\" class=\"wp-image-2414\" srcset=\"http:\/\/radioluna.iesalbarregas.com\/wp-content\/uploads\/2025\/03\/IMG-20250311-WA0011-1-1024x768.jpg 1024w, http:\/\/radioluna.iesalbarregas.com\/wp-content\/uploads\/2025\/03\/IMG-20250311-WA0011-1-300x225.jpg 300w, http:\/\/radioluna.iesalbarregas.com\/wp-content\/uploads\/2025\/03\/IMG-20250311-WA0011-1-768x576.jpg 768w, http:\/\/radioluna.iesalbarregas.com\/wp-content\/uploads\/2025\/03\/IMG-20250311-WA0011-1-1536x1152.jpg 1536w, http:\/\/radioluna.iesalbarregas.com\/wp-content\/uploads\/2025\/03\/IMG-20250311-WA0011-1-400x300.jpg 400w, http:\/\/radioluna.iesalbarregas.com\/wp-content\/uploads\/2025\/03\/IMG-20250311-WA0011-1.jpg 1600w\" sizes=\"(max-width: 1024px) 100vw, 1024px\" \/><\/a><\/figure>\n\n\n\n<p>\u00a1Estrenamos nuestro primer podcast en el IES Albarregas! Este podcast, realizado por el alumnado de Ciclo Formativo de Transporte y Log\u00edstica, te cuesta todo lo que necesitas saber sobre este ciclo formativo: qu\u00e9 estudiar\u00e1s, las salidas profesionales y las pr\u00e1cticas en empresa. \u00a1No te lo pierdas y descubre c\u00f3mo esta formaci\u00f3n puede abrirte las puertas a un gran futuro profesional!<\/p>\n","protected":false},"excerpt":{"rendered":"<p>\u00a1Estrenamos nuestro primer podcast en el IES Albarregas! Este podcast, realizado por el alumnado de Ciclo Formativo de Transporte y Log\u00edstica, te cuesta todo lo que necesitas saber sobre este ciclo formativo: qu\u00e9 estudiar\u00e1s, las salidas profesionales y las pr\u00e1cticas &hellip; <a href=\"http:\/\/radioluna.iesalbarregas.com\/?p=2403\">Sigue leyendo <span class=\"meta-nav\">&rarr;<\/span><\/a><\/p>\n","protected":false},"author":5,"featured_media":0,"comment_status":"closed","ping_status":"closed","sticky":false,"template":"","format":"standard","meta":[],"categories":[1],"tags":[199],"_links":{"self":[{"href":"http:\/\/radioluna.iesalbarregas.com\/index.php?rest_route=\/wp\/v2\/posts\/2403"}],"collection":[{"href":"http:\/\/radioluna.iesalbarregas.com\/index.php?rest_route=\/wp\/v2\/posts"}],"about":[{"href":"http:\/\/radioluna.iesalbarregas.com\/index.php?rest_route=\/wp\/v2\/types\/post"}],"author":[{"embeddable":true,"href":"http:\/\/radioluna.iesalbarregas.com\/index.php?rest_route=\/wp\/v2\/users\/5"}],"replies":[{"embeddable":true,"href":"http:\/\/radioluna.iesalbarregas.com\/index.php?rest_route=%2Fwp%2Fv2%2Fcomments&post=2403"}],"version-history":[{"count":1,"href":"http:\/\/radioluna.iesalbarregas.com\/index.php?rest_route=\/wp\/v2\/posts\/2403\/revisions"}],"predecessor-version":[{"id":2415,"href":"http:\/\/radioluna.iesalbarregas.com\/index.php?rest_route=\/wp\/v2\/posts\/2403\/revisions\/2415"}],"wp:attachment":[{"href":"http:\/\/radioluna.iesalbarregas.com\/index.php?rest_route=%2Fwp%2Fv2%2Fmedia&parent=2403"}],"wp:term":[{"taxonomy":"category","embeddable":true,"href":"http:\/\/radioluna.iesalbarregas.com\/index.php?rest_route=%2Fwp%2Fv2%2Fcategories&post=2403"},{"taxonomy":"post_tag","embeddable":true,"href":"http:\/\/radioluna.iesalbarregas.com\/index.php?rest_route=%2Fwp%2Fv2%2Ftags&post=2403"}],"curies":[{"name":"wp","href":"https:\/\/api.w.org\/{rel}","templated":true}]}}