{"id":240,"date":"2018-12-10T19:32:50","date_gmt":"2018-12-10T18:32:50","guid":{"rendered":"http:\/\/radioluna.iesalbarregas.com\/?p=240"},"modified":"2020-04-05T12:30:45","modified_gmt":"2020-04-05T11:30:45","slug":"celebramos-la-musica-con-musica","status":"publish","type":"post","link":"http:\/\/radioluna.iesalbarregas.com\/?p=240","title":{"rendered":"Celebramos la m\u00fasica con m\u00fasica"},"content":{"rendered":"<p style=\"text-align: justify;\">Aunque se tuvo que retrasar por la lluvia, finalmente hemos podido celebrar el d\u00eda de Santa Cecilia como quer\u00edamos: interpretando m\u00fasica. Unos doscientos alumnos en el patio tocando flautas, guitarras, xil\u00f3fonos, teclado,&#8230;Y ah\u00ed estuvo RadioLuna, para contaros qu\u00e9 pas\u00f3. Y de paso, hicimos algunas entrevistas. Enterito en la secci\u00f3n \u00ab<a href=\"http:\/\/radioluna.iesalbarregas.com\/?page_id=2\"><span style=\"color: #ff6600;\"><em><strong>Programas emitidos<\/strong><\/em><\/span><\/a>\u00bb de esta p\u00e1gina. \u00a1Que lo disfrut\u00e9is!<\/p>\n","protected":false},"excerpt":{"rendered":"<p>Aunque se tuvo que retrasar por la lluvia, finalmente hemos podido celebrar el d\u00eda de Santa Cecilia como quer\u00edamos: interpretando m\u00fasica. Unos doscientos alumnos en el patio tocando flautas, guitarras, xil\u00f3fonos, teclado,&#8230;Y ah\u00ed estuvo RadioLuna, para contaros qu\u00e9 pas\u00f3. Y &hellip; <a href=\"http:\/\/radioluna.iesalbarregas.com\/?p=240\">Sigue leyendo <span class=\"meta-nav\">&rarr;<\/span><\/a><\/p>\n","protected":false},"author":1,"featured_media":0,"comment_status":"open","ping_status":"open","sticky":false,"template":"","format":"standard","meta":[],"categories":[44],"tags":[4],"_links":{"self":[{"href":"http:\/\/radioluna.iesalbarregas.com\/index.php?rest_route=\/wp\/v2\/posts\/240"}],"collection":[{"href":"http:\/\/radioluna.iesalbarregas.com\/index.php?rest_route=\/wp\/v2\/posts"}],"about":[{"href":"http:\/\/radioluna.iesalbarregas.com\/index.php?rest_route=\/wp\/v2\/types\/post"}],"author":[{"embeddable":true,"href":"http:\/\/radioluna.iesalbarregas.com\/index.php?rest_route=\/wp\/v2\/users\/1"}],"replies":[{"embeddable":true,"href":"http:\/\/radioluna.iesalbarregas.com\/index.php?rest_route=%2Fwp%2Fv2%2Fcomments&post=240"}],"version-history":[{"count":1,"href":"http:\/\/radioluna.iesalbarregas.com\/index.php?rest_route=\/wp\/v2\/posts\/240\/revisions"}],"predecessor-version":[{"id":241,"href":"http:\/\/radioluna.iesalbarregas.com\/index.php?rest_route=\/wp\/v2\/posts\/240\/revisions\/241"}],"wp:attachment":[{"href":"http:\/\/radioluna.iesalbarregas.com\/index.php?rest_route=%2Fwp%2Fv2%2Fmedia&parent=240"}],"wp:term":[{"taxonomy":"category","embeddable":true,"href":"http:\/\/radioluna.iesalbarregas.com\/index.php?rest_route=%2Fwp%2Fv2%2Fcategories&post=240"},{"taxonomy":"post_tag","embeddable":true,"href":"http:\/\/radioluna.iesalbarregas.com\/index.php?rest_route=%2Fwp%2Fv2%2Ftags&post=240"}],"curies":[{"name":"wp","href":"https:\/\/api.w.org\/{rel}","templated":true}]}}