{"id":2379,"date":"2025-02-11T11:29:10","date_gmt":"2025-02-11T10:29:10","guid":{"rendered":"http:\/\/radioluna.iesalbarregas.com\/?p=2379"},"modified":"2025-02-11T11:29:10","modified_gmt":"2025-02-11T10:29:10","slug":"11-de-febrero-dia-de-la-mujer-y-la-nina-en-la-ciencia","status":"publish","type":"post","link":"http:\/\/radioluna.iesalbarregas.com\/?p=2379","title":{"rendered":"11 de Febrero. D\u00eda de la Mujer y la Ni\u00f1a en la Ciencia"},"content":{"rendered":"\n<figure class=\"wp-block-image size-full\"><a href=\"http:\/\/radioluna.iesalbarregas.com\/wp-content\/uploads\/2025\/02\/descarga.jpeg\"><img loading=\"lazy\" width=\"259\" height=\"195\" src=\"http:\/\/radioluna.iesalbarregas.com\/wp-content\/uploads\/2025\/02\/descarga.jpeg\" alt=\"\" class=\"wp-image-2380\" \/><\/a><\/figure>\n\n\n\n<figure class=\"wp-block-audio\"><audio controls src=\"http:\/\/radioluna.iesalbarregas.com\/wp-content\/uploads\/2025\/02\/Hypatia-de-Alejandria.mp3\"><\/audio><\/figure>\n\n\n\n<p>Nuestra peque\u00f1a aportaci\u00f3n a este d\u00eda, para visibilizar a las mujeres que contribuyeron con su esfuerzo y trabajo al mundo de las ciencias.<\/p>\n\n\n\n<p><strong>Alumnado Participante:<\/strong> Jaime, Alejandro y Leire de 4\u00ba ESO D<\/p>\n\n\n\n<p><strong>Profesorado participante<\/strong>: M\u00aa Cristina Amado Pic\u00f3n<\/p>\n","protected":false},"excerpt":{"rendered":"<p>Nuestra peque\u00f1a aportaci\u00f3n a este d\u00eda, para visibilizar a las mujeres que contribuyeron con su esfuerzo y trabajo al mundo de las ciencias. Alumnado Participante: Jaime, Alejandro y Leire de 4\u00ba ESO D Profesorado participante: M\u00aa Cristina Amado Pic\u00f3n<\/p>\n","protected":false},"author":4,"featured_media":0,"comment_status":"closed","ping_status":"closed","sticky":false,"template":"","format":"standard","meta":[],"categories":[1],"tags":[],"_links":{"self":[{"href":"http:\/\/radioluna.iesalbarregas.com\/index.php?rest_route=\/wp\/v2\/posts\/2379"}],"collection":[{"href":"http:\/\/radioluna.iesalbarregas.com\/index.php?rest_route=\/wp\/v2\/posts"}],"about":[{"href":"http:\/\/radioluna.iesalbarregas.com\/index.php?rest_route=\/wp\/v2\/types\/post"}],"author":[{"embeddable":true,"href":"http:\/\/radioluna.iesalbarregas.com\/index.php?rest_route=\/wp\/v2\/users\/4"}],"replies":[{"embeddable":true,"href":"http:\/\/radioluna.iesalbarregas.com\/index.php?rest_route=%2Fwp%2Fv2%2Fcomments&post=2379"}],"version-history":[{"count":2,"href":"http:\/\/radioluna.iesalbarregas.com\/index.php?rest_route=\/wp\/v2\/posts\/2379\/revisions"}],"predecessor-version":[{"id":2383,"href":"http:\/\/radioluna.iesalbarregas.com\/index.php?rest_route=\/wp\/v2\/posts\/2379\/revisions\/2383"}],"wp:attachment":[{"href":"http:\/\/radioluna.iesalbarregas.com\/index.php?rest_route=%2Fwp%2Fv2%2Fmedia&parent=2379"}],"wp:term":[{"taxonomy":"category","embeddable":true,"href":"http:\/\/radioluna.iesalbarregas.com\/index.php?rest_route=%2Fwp%2Fv2%2Fcategories&post=2379"},{"taxonomy":"post_tag","embeddable":true,"href":"http:\/\/radioluna.iesalbarregas.com\/index.php?rest_route=%2Fwp%2Fv2%2Ftags&post=2379"}],"curies":[{"name":"wp","href":"https:\/\/api.w.org\/{rel}","templated":true}]}}