{"id":2373,"date":"2025-02-03T12:30:12","date_gmt":"2025-02-03T11:30:12","guid":{"rendered":"http:\/\/radioluna.iesalbarregas.com\/?p=2373"},"modified":"2025-02-03T12:30:12","modified_gmt":"2025-02-03T11:30:12","slug":"80-aniversario-liberacion-auschwitz-birkenau","status":"publish","type":"post","link":"http:\/\/radioluna.iesalbarregas.com\/?p=2373","title":{"rendered":"80 ANIVERSARIO LIBERACI\u00d3N AUSCHWITZ-BIRKENAU"},"content":{"rendered":"\n<figure class=\"wp-block-audio\"><audio controls src=\"http:\/\/radioluna.iesalbarregas.com\/wp-content\/uploads\/2025\/02\/80-aniversario-victamas-Holocausto.mp3\"><\/audio><\/figure>\n\n\n\n<p>El pasado lunes 27 de enero se conmemor\u00f3 el 80.\u00ba aniversario de la liberaci\u00f3n del campo de concentraci\u00f3n de Auschwitz-Birkenau.&nbsp;Con motivo de este hecho,&nbsp;las alumnas de 1.\u00ba de Bachillerato de la asignatura de Historia del Mundo Contempor\u00e1neo han querido rendir homenaje a la memoria de todas las v\u00edctimas del Holocausto y han le\u00eddo algunos testimonios de personas que vivieron tales horrores.<\/p>\n\n\n\n<p>Estos testimonios fueron escritos y enviados por jud\u00edos \u2014ni\u00f1os y adultos\u2014 a familiares y amigos desde sus hogares,&nbsp;guetos y campos de concentraci\u00f3n,&nbsp;durante su huida,&nbsp;desde un escondite o mientras deambulaban de un lugar a otro.<\/p>\n\n\n\n<p><strong>Profesores<\/strong>:&nbsp;Antonio Mayo Vinagre y Francisco Parras Dalia.<\/p>\n\n\n\n<figure class=\"wp-block-gallery has-nested-images columns-default is-cropped\">\n<figure class=\"wp-block-image size-large\"><a href=\"http:\/\/radioluna.iesalbarregas.com\/wp-content\/uploads\/2025\/02\/1738236327544-scaled.jpg\"><img loading=\"lazy\" width=\"1024\" height=\"768\" data-id=\"2376\"  src=\"http:\/\/radioluna.iesalbarregas.com\/wp-content\/uploads\/2025\/02\/1738236327544-1024x768.jpg\" alt=\"\" class=\"wp-image-2376\" srcset=\"http:\/\/radioluna.iesalbarregas.com\/wp-content\/uploads\/2025\/02\/1738236327544-1024x768.jpg 1024w, http:\/\/radioluna.iesalbarregas.com\/wp-content\/uploads\/2025\/02\/1738236327544-300x225.jpg 300w, http:\/\/radioluna.iesalbarregas.com\/wp-content\/uploads\/2025\/02\/1738236327544-768x576.jpg 768w, http:\/\/radioluna.iesalbarregas.com\/wp-content\/uploads\/2025\/02\/1738236327544-1536x1152.jpg 1536w, http:\/\/radioluna.iesalbarregas.com\/wp-content\/uploads\/2025\/02\/1738236327544-2048x1536.jpg 2048w, http:\/\/radioluna.iesalbarregas.com\/wp-content\/uploads\/2025\/02\/1738236327544-400x300.jpg 400w\" sizes=\"(max-width: 1024px) 100vw, 1024px\" \/><\/a><\/figure>\n\n\n\n<figure class=\"wp-block-image size-large\"><a href=\"http:\/\/radioluna.iesalbarregas.com\/wp-content\/uploads\/2025\/02\/1738236327556-scaled.jpg\"><img loading=\"lazy\" width=\"1024\" height=\"768\" data-id=\"2375\"  src=\"http:\/\/radioluna.iesalbarregas.com\/wp-content\/uploads\/2025\/02\/1738236327556-1024x768.jpg\" alt=\"\" class=\"wp-image-2375\" srcset=\"http:\/\/radioluna.iesalbarregas.com\/wp-content\/uploads\/2025\/02\/1738236327556-1024x768.jpg 1024w, http:\/\/radioluna.iesalbarregas.com\/wp-content\/uploads\/2025\/02\/1738236327556-300x225.jpg 300w, http:\/\/radioluna.iesalbarregas.com\/wp-content\/uploads\/2025\/02\/1738236327556-768x576.jpg 768w, http:\/\/radioluna.iesalbarregas.com\/wp-content\/uploads\/2025\/02\/1738236327556-1536x1152.jpg 1536w, http:\/\/radioluna.iesalbarregas.com\/wp-content\/uploads\/2025\/02\/1738236327556-2048x1536.jpg 2048w, http:\/\/radioluna.iesalbarregas.com\/wp-content\/uploads\/2025\/02\/1738236327556-400x300.jpg 400w\" sizes=\"(max-width: 1024px) 100vw, 1024px\" \/><\/a><\/figure>\n<\/figure>\n","protected":false},"excerpt":{"rendered":"<p>El pasado lunes 27 de enero se conmemor\u00f3 el 80.\u00ba aniversario de la liberaci\u00f3n del campo de concentraci\u00f3n de Auschwitz-Birkenau.&nbsp;Con motivo de este hecho,&nbsp;las alumnas de 1.\u00ba de Bachillerato de la asignatura de Historia del Mundo Contempor\u00e1neo han querido rendir &hellip; <a href=\"http:\/\/radioluna.iesalbarregas.com\/?p=2373\">Sigue leyendo <span class=\"meta-nav\">&rarr;<\/span><\/a><\/p>\n","protected":false},"author":2,"featured_media":0,"comment_status":"closed","ping_status":"closed","sticky":false,"template":"","format":"standard","meta":[],"categories":[9],"tags":[191,192],"_links":{"self":[{"href":"http:\/\/radioluna.iesalbarregas.com\/index.php?rest_route=\/wp\/v2\/posts\/2373"}],"collection":[{"href":"http:\/\/radioluna.iesalbarregas.com\/index.php?rest_route=\/wp\/v2\/posts"}],"about":[{"href":"http:\/\/radioluna.iesalbarregas.com\/index.php?rest_route=\/wp\/v2\/types\/post"}],"author":[{"embeddable":true,"href":"http:\/\/radioluna.iesalbarregas.com\/index.php?rest_route=\/wp\/v2\/users\/2"}],"replies":[{"embeddable":true,"href":"http:\/\/radioluna.iesalbarregas.com\/index.php?rest_route=%2Fwp%2Fv2%2Fcomments&post=2373"}],"version-history":[{"count":1,"href":"http:\/\/radioluna.iesalbarregas.com\/index.php?rest_route=\/wp\/v2\/posts\/2373\/revisions"}],"predecessor-version":[{"id":2377,"href":"http:\/\/radioluna.iesalbarregas.com\/index.php?rest_route=\/wp\/v2\/posts\/2373\/revisions\/2377"}],"wp:attachment":[{"href":"http:\/\/radioluna.iesalbarregas.com\/index.php?rest_route=%2Fwp%2Fv2%2Fmedia&parent=2373"}],"wp:term":[{"taxonomy":"category","embeddable":true,"href":"http:\/\/radioluna.iesalbarregas.com\/index.php?rest_route=%2Fwp%2Fv2%2Fcategories&post=2373"},{"taxonomy":"post_tag","embeddable":true,"href":"http:\/\/radioluna.iesalbarregas.com\/index.php?rest_route=%2Fwp%2Fv2%2Ftags&post=2373"}],"curies":[{"name":"wp","href":"https:\/\/api.w.org\/{rel}","templated":true}]}}