{"id":2357,"date":"2025-01-23T09:25:33","date_gmt":"2025-01-23T08:25:33","guid":{"rendered":"http:\/\/radioluna.iesalbarregas.com\/?p=2357"},"modified":"2025-01-23T09:25:33","modified_gmt":"2025-01-23T08:25:33","slug":"ruben-tanco-ciclismo-adaptado","status":"publish","type":"post","link":"http:\/\/radioluna.iesalbarregas.com\/?p=2357","title":{"rendered":"RUB\u00c9N TANCO. CICLISMO ADAPTADO"},"content":{"rendered":"\n<figure class=\"wp-block-audio\"><audio controls src=\"http:\/\/radioluna.iesalbarregas.com\/wp-content\/uploads\/2025\/01\/ciclismo-Adaptado.mp3\"><\/audio><\/figure>\n\n\n\n<h4><strong>Rub\u00e9n Tanco: El ciclista internacional extreme\u00f1o inspira a j\u00f3venes bajo el programa \u201cValores en el Deporte en Edad Escolar\u201d<\/strong><\/h4>\n\n\n\n<p>En el marco del programa&nbsp;<strong>\u201cValores en el Deporte en Edad Escolar\u201d<\/strong>,&nbsp;<strong>Rub\u00e9n Tanco<\/strong>, destacado ciclista internacional y referente del ciclismo adaptado, comparti\u00f3 con nosotros su experiencia y trayectoria.&nbsp;<\/p>\n\n\n\n<p>Rub\u00e9n Tanco, natural de Badajoz, es uno de los principales exponentes del ciclismo adaptado en Espa\u00f1a, con una trayectoria que abarca numerosos t\u00edtulos nacionales e internacionales. Su dedicaci\u00f3n y esp\u00edritu de superaci\u00f3n lo han convertido en un modelo a seguir dentro y fuera de las pistas.<\/p>\n\n\n\n<p>El alumnado responsable de la entrevista fueron&nbsp;<strong>No\u00e9, Claudia, Ra\u00fal y Andrea<\/strong>&nbsp;de&nbsp;<strong>1\u00ba ESO C y E<\/strong>. Entre los temas abordados, Rub\u00e9n comparti\u00f3 c\u00f3mo enfrent\u00f3 las dificultades iniciales en su carrera, destacando la importancia del apoyo familiar, el papel crucial de los entrenadores y la colaboraci\u00f3n de instituciones y patrocinadores extreme\u00f1os. Asimismo, expres\u00f3 su orgullo al representar a su comunidad en competiciones de alto nivel y subray\u00f3 la necesidad de mayor visibilidad para el deporte adaptado en Extremadura y en toda Espa\u00f1a.<\/p>\n\n\n\n<p>Durante la conversaci\u00f3n, tambi\u00e9n se reflexion\u00f3 sobre el impacto de los valores en la formaci\u00f3n de j\u00f3venes deportistas, como el trabajo en equipo, el respeto y la perseverancia. Rub\u00e9n motiv\u00f3 a las nuevas generaciones a perseguir sus sue\u00f1os y no rendirse ante las adversidades, enfatizando la importancia de vivir el deporte como una herramienta de desarrollo personal y social.El programa&nbsp;<strong>\u201cValores en el Deporte en Edad Escolar\u201d<\/strong>&nbsp;busca acercar a figuras destacadas como Rub\u00e9n Tanco a los m\u00e1s j\u00f3venes, promoviendo no solo la pr\u00e1ctica deportiva, sino tambi\u00e9n un conjunto de valores esenciales para su desarrollo integral.<\/p>\n\n\n\n<figure class=\"wp-block-gallery has-nested-images columns-default is-cropped\">\n<figure class=\"wp-block-image size-large\"><a href=\"http:\/\/radioluna.iesalbarregas.com\/wp-content\/uploads\/2025\/01\/IMG20250120110339-scaled.jpg\"><img loading=\"lazy\" width=\"1024\" height=\"771\" data-id=\"2363\"  src=\"http:\/\/radioluna.iesalbarregas.com\/wp-content\/uploads\/2025\/01\/IMG20250120110339-1024x771.jpg\" alt=\"\" class=\"wp-image-2363\" srcset=\"http:\/\/radioluna.iesalbarregas.com\/wp-content\/uploads\/2025\/01\/IMG20250120110339-1024x771.jpg 1024w, http:\/\/radioluna.iesalbarregas.com\/wp-content\/uploads\/2025\/01\/IMG20250120110339-300x226.jpg 300w, http:\/\/radioluna.iesalbarregas.com\/wp-content\/uploads\/2025\/01\/IMG20250120110339-768x578.jpg 768w, http:\/\/radioluna.iesalbarregas.com\/wp-content\/uploads\/2025\/01\/IMG20250120110339-1536x1157.jpg 1536w, http:\/\/radioluna.iesalbarregas.com\/wp-content\/uploads\/2025\/01\/IMG20250120110339-2048x1542.jpg 2048w, http:\/\/radioluna.iesalbarregas.com\/wp-content\/uploads\/2025\/01\/IMG20250120110339-398x300.jpg 398w\" sizes=\"(max-width: 1024px) 100vw, 1024px\" \/><\/a><\/figure>\n\n\n\n<figure class=\"wp-block-image size-large\"><a href=\"http:\/\/radioluna.iesalbarregas.com\/wp-content\/uploads\/2025\/01\/IMG20250120110402-scaled.jpg\"><img loading=\"lazy\" width=\"1024\" height=\"771\" data-id=\"2364\"  src=\"http:\/\/radioluna.iesalbarregas.com\/wp-content\/uploads\/2025\/01\/IMG20250120110402-1024x771.jpg\" alt=\"\" class=\"wp-image-2364\" srcset=\"http:\/\/radioluna.iesalbarregas.com\/wp-content\/uploads\/2025\/01\/IMG20250120110402-1024x771.jpg 1024w, http:\/\/radioluna.iesalbarregas.com\/wp-content\/uploads\/2025\/01\/IMG20250120110402-300x226.jpg 300w, http:\/\/radioluna.iesalbarregas.com\/wp-content\/uploads\/2025\/01\/IMG20250120110402-768x578.jpg 768w, http:\/\/radioluna.iesalbarregas.com\/wp-content\/uploads\/2025\/01\/IMG20250120110402-1536x1157.jpg 1536w, http:\/\/radioluna.iesalbarregas.com\/wp-content\/uploads\/2025\/01\/IMG20250120110402-2048x1542.jpg 2048w, http:\/\/radioluna.iesalbarregas.com\/wp-content\/uploads\/2025\/01\/IMG20250120110402-398x300.jpg 398w\" sizes=\"(max-width: 1024px) 100vw, 1024px\" \/><\/a><\/figure>\n\n\n\n<figure class=\"wp-block-image size-large\"><a href=\"http:\/\/radioluna.iesalbarregas.com\/wp-content\/uploads\/2025\/01\/Ciclismo-Adaptado-2-scaled.jpg\"><img loading=\"lazy\" width=\"1024\" height=\"768\" data-id=\"2360\"  src=\"http:\/\/radioluna.iesalbarregas.com\/wp-content\/uploads\/2025\/01\/Ciclismo-Adaptado-2-1024x768.jpg\" alt=\"\" class=\"wp-image-2360\" srcset=\"http:\/\/radioluna.iesalbarregas.com\/wp-content\/uploads\/2025\/01\/Ciclismo-Adaptado-2-1024x768.jpg 1024w, http:\/\/radioluna.iesalbarregas.com\/wp-content\/uploads\/2025\/01\/Ciclismo-Adaptado-2-300x225.jpg 300w, http:\/\/radioluna.iesalbarregas.com\/wp-content\/uploads\/2025\/01\/Ciclismo-Adaptado-2-768x576.jpg 768w, http:\/\/radioluna.iesalbarregas.com\/wp-content\/uploads\/2025\/01\/Ciclismo-Adaptado-2-1536x1152.jpg 1536w, http:\/\/radioluna.iesalbarregas.com\/wp-content\/uploads\/2025\/01\/Ciclismo-Adaptado-2-2048x1536.jpg 2048w, http:\/\/radioluna.iesalbarregas.com\/wp-content\/uploads\/2025\/01\/Ciclismo-Adaptado-2-400x300.jpg 400w\" sizes=\"(max-width: 1024px) 100vw, 1024px\" \/><\/a><\/figure>\n\n\n\n<figure class=\"wp-block-image size-large\"><a href=\"http:\/\/radioluna.iesalbarregas.com\/wp-content\/uploads\/2025\/01\/Ciclismo-Adaptado-3-scaled.jpg\"><img loading=\"lazy\" width=\"1024\" height=\"768\" data-id=\"2362\"  src=\"http:\/\/radioluna.iesalbarregas.com\/wp-content\/uploads\/2025\/01\/Ciclismo-Adaptado-3-1024x768.jpg\" alt=\"\" class=\"wp-image-2362\" srcset=\"http:\/\/radioluna.iesalbarregas.com\/wp-content\/uploads\/2025\/01\/Ciclismo-Adaptado-3-1024x768.jpg 1024w, http:\/\/radioluna.iesalbarregas.com\/wp-content\/uploads\/2025\/01\/Ciclismo-Adaptado-3-300x225.jpg 300w, http:\/\/radioluna.iesalbarregas.com\/wp-content\/uploads\/2025\/01\/Ciclismo-Adaptado-3-768x576.jpg 768w, http:\/\/radioluna.iesalbarregas.com\/wp-content\/uploads\/2025\/01\/Ciclismo-Adaptado-3-1536x1152.jpg 1536w, http:\/\/radioluna.iesalbarregas.com\/wp-content\/uploads\/2025\/01\/Ciclismo-Adaptado-3-2048x1536.jpg 2048w, http:\/\/radioluna.iesalbarregas.com\/wp-content\/uploads\/2025\/01\/Ciclismo-Adaptado-3-400x300.jpg 400w\" sizes=\"(max-width: 1024px) 100vw, 1024px\" \/><\/a><\/figure>\n\n\n\n<figure class=\"wp-block-image size-large\"><a href=\"http:\/\/radioluna.iesalbarregas.com\/wp-content\/uploads\/2025\/01\/Ciclismo-Adaptado-4-scaled.jpg\"><img loading=\"lazy\" width=\"1024\" height=\"768\" data-id=\"2359\"  src=\"http:\/\/radioluna.iesalbarregas.com\/wp-content\/uploads\/2025\/01\/Ciclismo-Adaptado-4-1024x768.jpg\" alt=\"\" class=\"wp-image-2359\" srcset=\"http:\/\/radioluna.iesalbarregas.com\/wp-content\/uploads\/2025\/01\/Ciclismo-Adaptado-4-1024x768.jpg 1024w, http:\/\/radioluna.iesalbarregas.com\/wp-content\/uploads\/2025\/01\/Ciclismo-Adaptado-4-300x225.jpg 300w, http:\/\/radioluna.iesalbarregas.com\/wp-content\/uploads\/2025\/01\/Ciclismo-Adaptado-4-768x576.jpg 768w, http:\/\/radioluna.iesalbarregas.com\/wp-content\/uploads\/2025\/01\/Ciclismo-Adaptado-4-1536x1152.jpg 1536w, http:\/\/radioluna.iesalbarregas.com\/wp-content\/uploads\/2025\/01\/Ciclismo-Adaptado-4-2048x1536.jpg 2048w, http:\/\/radioluna.iesalbarregas.com\/wp-content\/uploads\/2025\/01\/Ciclismo-Adaptado-4-400x300.jpg 400w\" sizes=\"(max-width: 1024px) 100vw, 1024px\" \/><\/a><\/figure>\n\n\n\n<figure class=\"wp-block-image size-large\"><a href=\"http:\/\/radioluna.iesalbarregas.com\/wp-content\/uploads\/2025\/01\/Ciclismo-Adaptado-5-scaled.jpg\"><img loading=\"lazy\" width=\"1024\" height=\"768\" data-id=\"2365\"  src=\"http:\/\/radioluna.iesalbarregas.com\/wp-content\/uploads\/2025\/01\/Ciclismo-Adaptado-5-1024x768.jpg\" alt=\"\" class=\"wp-image-2365\" srcset=\"http:\/\/radioluna.iesalbarregas.com\/wp-content\/uploads\/2025\/01\/Ciclismo-Adaptado-5-1024x768.jpg 1024w, http:\/\/radioluna.iesalbarregas.com\/wp-content\/uploads\/2025\/01\/Ciclismo-Adaptado-5-300x225.jpg 300w, http:\/\/radioluna.iesalbarregas.com\/wp-content\/uploads\/2025\/01\/Ciclismo-Adaptado-5-768x576.jpg 768w, http:\/\/radioluna.iesalbarregas.com\/wp-content\/uploads\/2025\/01\/Ciclismo-Adaptado-5-1536x1152.jpg 1536w, http:\/\/radioluna.iesalbarregas.com\/wp-content\/uploads\/2025\/01\/Ciclismo-Adaptado-5-2048x1536.jpg 2048w, http:\/\/radioluna.iesalbarregas.com\/wp-content\/uploads\/2025\/01\/Ciclismo-Adaptado-5-400x300.jpg 400w\" sizes=\"(max-width: 1024px) 100vw, 1024px\" \/><\/a><\/figure>\n<\/figure>\n","protected":false},"excerpt":{"rendered":"<p>Rub\u00e9n Tanco: El ciclista internacional extreme\u00f1o inspira a j\u00f3venes bajo el programa \u201cValores en el Deporte en Edad Escolar\u201d En el marco del programa&nbsp;\u201cValores en el Deporte en Edad Escolar\u201d,&nbsp;Rub\u00e9n Tanco, destacado ciclista internacional y referente del ciclismo adaptado, comparti\u00f3 &hellip; <a href=\"http:\/\/radioluna.iesalbarregas.com\/?p=2357\">Sigue leyendo <span class=\"meta-nav\">&rarr;<\/span><\/a><\/p>\n","protected":false},"author":2,"featured_media":0,"comment_status":"closed","ping_status":"closed","sticky":false,"template":"","format":"standard","meta":[],"categories":[1],"tags":[184,169],"_links":{"self":[{"href":"http:\/\/radioluna.iesalbarregas.com\/index.php?rest_route=\/wp\/v2\/posts\/2357"}],"collection":[{"href":"http:\/\/radioluna.iesalbarregas.com\/index.php?rest_route=\/wp\/v2\/posts"}],"about":[{"href":"http:\/\/radioluna.iesalbarregas.com\/index.php?rest_route=\/wp\/v2\/types\/post"}],"author":[{"embeddable":true,"href":"http:\/\/radioluna.iesalbarregas.com\/index.php?rest_route=\/wp\/v2\/users\/2"}],"replies":[{"embeddable":true,"href":"http:\/\/radioluna.iesalbarregas.com\/index.php?rest_route=%2Fwp%2Fv2%2Fcomments&post=2357"}],"version-history":[{"count":1,"href":"http:\/\/radioluna.iesalbarregas.com\/index.php?rest_route=\/wp\/v2\/posts\/2357\/revisions"}],"predecessor-version":[{"id":2366,"href":"http:\/\/radioluna.iesalbarregas.com\/index.php?rest_route=\/wp\/v2\/posts\/2357\/revisions\/2366"}],"wp:attachment":[{"href":"http:\/\/radioluna.iesalbarregas.com\/index.php?rest_route=%2Fwp%2Fv2%2Fmedia&parent=2357"}],"wp:term":[{"taxonomy":"category","embeddable":true,"href":"http:\/\/radioluna.iesalbarregas.com\/index.php?rest_route=%2Fwp%2Fv2%2Fcategories&post=2357"},{"taxonomy":"post_tag","embeddable":true,"href":"http:\/\/radioluna.iesalbarregas.com\/index.php?rest_route=%2Fwp%2Fv2%2Ftags&post=2357"}],"curies":[{"name":"wp","href":"https:\/\/api.w.org\/{rel}","templated":true}]}}