{"id":2345,"date":"2024-12-11T18:10:00","date_gmt":"2024-12-11T17:10:00","guid":{"rendered":"http:\/\/radioluna.iesalbarregas.com\/?p=2345"},"modified":"2024-12-05T18:26:43","modified_gmt":"2024-12-05T17:26:43","slug":"entrevista-a-fatima-munoz-profesora-de-geografia-e-historia-por-el-dia-internacional-de-la-discapacidad","status":"publish","type":"post","link":"http:\/\/radioluna.iesalbarregas.com\/?p=2345","title":{"rendered":"Entrevista a F\u00e1tima Mu\u00f1oz profesora de Geograf\u00eda e Historia por el D\u00eda Internacional de la Discapacidad"},"content":{"rendered":"\n<figure class=\"wp-block-image size-large\"><a href=\"http:\/\/radioluna.iesalbarregas.com\/wp-content\/uploads\/2024\/12\/Dia-de-la-Discapacidad-1-scaled.jpg\"><img loading=\"lazy\" width=\"1024\" height=\"769\" src=\"http:\/\/radioluna.iesalbarregas.com\/wp-content\/uploads\/2024\/12\/Dia-de-la-Discapacidad-1-1024x769.jpg\" alt=\"\" class=\"wp-image-2346\" srcset=\"http:\/\/radioluna.iesalbarregas.com\/wp-content\/uploads\/2024\/12\/Dia-de-la-Discapacidad-1-1024x769.jpg 1024w, http:\/\/radioluna.iesalbarregas.com\/wp-content\/uploads\/2024\/12\/Dia-de-la-Discapacidad-1-300x225.jpg 300w, http:\/\/radioluna.iesalbarregas.com\/wp-content\/uploads\/2024\/12\/Dia-de-la-Discapacidad-1-768x577.jpg 768w, http:\/\/radioluna.iesalbarregas.com\/wp-content\/uploads\/2024\/12\/Dia-de-la-Discapacidad-1-1536x1153.jpg 1536w, http:\/\/radioluna.iesalbarregas.com\/wp-content\/uploads\/2024\/12\/Dia-de-la-Discapacidad-1-2048x1538.jpg 2048w, http:\/\/radioluna.iesalbarregas.com\/wp-content\/uploads\/2024\/12\/Dia-de-la-Discapacidad-1-400x300.jpg 400w\" sizes=\"(max-width: 1024px) 100vw, 1024px\" \/><\/a><\/figure>\n\n\n\n<p>Hoy, 3 de diciembre, hemos celebrado en el centro el D\u00eda Internacional de las Personas con Discapacidad. El alumnado de diversos cursos han entrevistado a F\u00e1tima Mu\u00f1oz Moreno, profesora de Geograf\u00eda e Historia de nuestro centro, para que nos cuente su experiencia conviviendo con una diversidad funcional.<\/p>\n\n\n\n<figure class=\"wp-block-audio\"><audio controls src=\"http:\/\/radioluna.iesalbarregas.com\/wp-content\/uploads\/2024\/12\/Dia-de-la-Discapacidad-1.mp3\"><\/audio><\/figure>\n","protected":false},"excerpt":{"rendered":"<p>Hoy, 3 de diciembre, hemos celebrado en el centro el D\u00eda Internacional de las Personas con Discapacidad. El alumnado de diversos cursos han entrevistado a F\u00e1tima Mu\u00f1oz Moreno, profesora de Geograf\u00eda e Historia de nuestro centro, para que nos cuente &hellip; <a href=\"http:\/\/radioluna.iesalbarregas.com\/?p=2345\">Sigue leyendo <span class=\"meta-nav\">&rarr;<\/span><\/a><\/p>\n","protected":false},"author":5,"featured_media":0,"comment_status":"closed","ping_status":"closed","sticky":false,"template":"","format":"standard","meta":[],"categories":[1],"tags":[186],"_links":{"self":[{"href":"http:\/\/radioluna.iesalbarregas.com\/index.php?rest_route=\/wp\/v2\/posts\/2345"}],"collection":[{"href":"http:\/\/radioluna.iesalbarregas.com\/index.php?rest_route=\/wp\/v2\/posts"}],"about":[{"href":"http:\/\/radioluna.iesalbarregas.com\/index.php?rest_route=\/wp\/v2\/types\/post"}],"author":[{"embeddable":true,"href":"http:\/\/radioluna.iesalbarregas.com\/index.php?rest_route=\/wp\/v2\/users\/5"}],"replies":[{"embeddable":true,"href":"http:\/\/radioluna.iesalbarregas.com\/index.php?rest_route=%2Fwp%2Fv2%2Fcomments&post=2345"}],"version-history":[{"count":2,"href":"http:\/\/radioluna.iesalbarregas.com\/index.php?rest_route=\/wp\/v2\/posts\/2345\/revisions"}],"predecessor-version":[{"id":2349,"href":"http:\/\/radioluna.iesalbarregas.com\/index.php?rest_route=\/wp\/v2\/posts\/2345\/revisions\/2349"}],"wp:attachment":[{"href":"http:\/\/radioluna.iesalbarregas.com\/index.php?rest_route=%2Fwp%2Fv2%2Fmedia&parent=2345"}],"wp:term":[{"taxonomy":"category","embeddable":true,"href":"http:\/\/radioluna.iesalbarregas.com\/index.php?rest_route=%2Fwp%2Fv2%2Fcategories&post=2345"},{"taxonomy":"post_tag","embeddable":true,"href":"http:\/\/radioluna.iesalbarregas.com\/index.php?rest_route=%2Fwp%2Fv2%2Ftags&post=2345"}],"curies":[{"name":"wp","href":"https:\/\/api.w.org\/{rel}","templated":true}]}}