{"id":233,"date":"2018-11-03T19:53:04","date_gmt":"2018-11-03T18:53:04","guid":{"rendered":"http:\/\/radioluna.iesalbarregas.com\/?p=233"},"modified":"2020-04-05T12:30:21","modified_gmt":"2020-04-05T11:30:21","slug":"albarregas-halloween-musica-y","status":"publish","type":"post","link":"http:\/\/radioluna.iesalbarregas.com\/?p=233","title":{"rendered":"Albarregas, Halloween, M\u00fasica y&#8230;"},"content":{"rendered":"<p style=\"text-align: justify;\">\u00a1Baile! Aqu\u00ed os traemos el baile que hicimos con motivo de <em><strong>Halloween<\/strong><\/em> en nuestro centro. Organizado por el departamento de m\u00fasica e ingl\u00e9s. Hubo un gran \u00e9xito de participaci\u00f3n, y eso que la meteorolog\u00eda oblig\u00f3 a hacerlo en el gimnasio en vez de en el patio como estaba pensado, lo que oblig\u00f3 a limitar el n\u00famero de participantes. En la secci\u00f3n \u00ab<a href=\"http:\/\/radioluna.iesalbarregas.com\/?page_id=60\"><span style=\"color: #ff6600;\"><em><strong>M\u00e1s cosas<\/strong><\/em><\/span><\/a>\u00ab.<\/p>\n","protected":false},"excerpt":{"rendered":"<p>\u00a1Baile! Aqu\u00ed os traemos el baile que hicimos con motivo de Halloween en nuestro centro. Organizado por el departamento de m\u00fasica e ingl\u00e9s. Hubo un gran \u00e9xito de participaci\u00f3n, y eso que la meteorolog\u00eda oblig\u00f3 a hacerlo en el gimnasio &hellip; <a href=\"http:\/\/radioluna.iesalbarregas.com\/?p=233\">Sigue leyendo <span class=\"meta-nav\">&rarr;<\/span><\/a><\/p>\n","protected":false},"author":1,"featured_media":0,"comment_status":"open","ping_status":"open","sticky":false,"template":"","format":"standard","meta":[],"categories":[44],"tags":[4],"_links":{"self":[{"href":"http:\/\/radioluna.iesalbarregas.com\/index.php?rest_route=\/wp\/v2\/posts\/233"}],"collection":[{"href":"http:\/\/radioluna.iesalbarregas.com\/index.php?rest_route=\/wp\/v2\/posts"}],"about":[{"href":"http:\/\/radioluna.iesalbarregas.com\/index.php?rest_route=\/wp\/v2\/types\/post"}],"author":[{"embeddable":true,"href":"http:\/\/radioluna.iesalbarregas.com\/index.php?rest_route=\/wp\/v2\/users\/1"}],"replies":[{"embeddable":true,"href":"http:\/\/radioluna.iesalbarregas.com\/index.php?rest_route=%2Fwp%2Fv2%2Fcomments&post=233"}],"version-history":[{"count":2,"href":"http:\/\/radioluna.iesalbarregas.com\/index.php?rest_route=\/wp\/v2\/posts\/233\/revisions"}],"predecessor-version":[{"id":245,"href":"http:\/\/radioluna.iesalbarregas.com\/index.php?rest_route=\/wp\/v2\/posts\/233\/revisions\/245"}],"wp:attachment":[{"href":"http:\/\/radioluna.iesalbarregas.com\/index.php?rest_route=%2Fwp%2Fv2%2Fmedia&parent=233"}],"wp:term":[{"taxonomy":"category","embeddable":true,"href":"http:\/\/radioluna.iesalbarregas.com\/index.php?rest_route=%2Fwp%2Fv2%2Fcategories&post=233"},{"taxonomy":"post_tag","embeddable":true,"href":"http:\/\/radioluna.iesalbarregas.com\/index.php?rest_route=%2Fwp%2Fv2%2Ftags&post=233"}],"curies":[{"name":"wp","href":"https:\/\/api.w.org\/{rel}","templated":true}]}}