{"id":2296,"date":"2024-11-29T09:46:22","date_gmt":"2024-11-29T08:46:22","guid":{"rendered":"http:\/\/radioluna.iesalbarregas.com\/?p=2296"},"modified":"2024-11-29T09:50:01","modified_gmt":"2024-11-29T08:50:01","slug":"deslizar-extremadura-3o-eso-c","status":"publish","type":"post","link":"http:\/\/radioluna.iesalbarregas.com\/?p=2296","title":{"rendered":"DESLIZAR EXTREMADURA (3\u00ba ESO C)"},"content":{"rendered":"\n<figure class=\"wp-block-audio\"><audio controls src=\"http:\/\/radioluna.iesalbarregas.com\/wp-content\/uploads\/2024\/11\/Deslizar-Extremadura-3oESOC-1.mp3\"><\/audio><\/figure>\n\n\n\n<p>El alumnado de 1\u00b0ESO B y 3\u00b0 ESO C nos cuenta su experiencia como participantes en el proyecto \u00abDeslizar Extremadura\u00bb, una iniciativa pionera que surge de la colaboraci\u00f3n entre el Museo del Prado y la Fundaci\u00f3n Extreme\u00f1a de la Cultura junto con los Centros de Formaci\u00f3n del Profesorado de Badajoz.Durante tres meses, docentes, artistas y profesionales del \u00e1mbito educativo, han trabajado juntos desarrollando herramientas pedag\u00f3gicas innovadoras que integran las artes en el curr\u00edculo escolar, con un enfoque particular en la sostenibilidad y la equidad.Alumnos y alumnas del IES Albarregas han disfrutado de actividades como la creaci\u00f3n de un \u00abteatro de sombras\u00bb y la realizaci\u00f3n de un \u00absafari fotogr\u00e1fico\u00bb as\u00ed como de la visita al Museo del Prado, el pasado 27 de noviembre, donde participaron en distintos talleres did\u00e1cticos con obras como el \u00abAquelarre\u00bb de Goya o el \u00abPaisaje con el entierro de Santa Serapia\u00bb de Claudio de Lorena como protagonistas.<\/p>\n\n\n\n<p>Alumnado participante en el programa de radio: Gabriel Dom\u00ednguez Fern\u00e1ndez, C\u00e9sar Garc\u00eda Carballo,&nbsp;V\u00edctor Hern\u00e1ndez Clemente,&nbsp;Alejandra Rodr\u00edguez Illana y&nbsp;Daniela Ruiz Illana.<\/p>\n\n\n\n<p>Profesorado participante: Inmaculada Casillas y Guillermo del Cerro.<\/p>\n\n\n\n<p>T\u00e9cnicos de Sonido: Bel\u00e9n Mart\u00edn y Jos\u00e9 Ignacio Dom\u00ednguez.<\/p>\n\n\n\n<figure class=\"wp-block-gallery has-nested-images columns-default is-cropped\">\n<figure class=\"wp-block-image size-large\"><a href=\"http:\/\/radioluna.iesalbarregas.com\/wp-content\/uploads\/2024\/11\/3\u00b0C-2-1.jpg\"><img loading=\"lazy\" width=\"1024\" height=\"766\" data-id=\"2310\"  src=\"http:\/\/radioluna.iesalbarregas.com\/wp-content\/uploads\/2024\/11\/3\u00b0C-2-1-1024x766.jpg\" alt=\"\" class=\"wp-image-2310\" srcset=\"http:\/\/radioluna.iesalbarregas.com\/wp-content\/uploads\/2024\/11\/3\u00b0C-2-1-1024x766.jpg 1024w, http:\/\/radioluna.iesalbarregas.com\/wp-content\/uploads\/2024\/11\/3\u00b0C-2-1-300x224.jpg 300w, http:\/\/radioluna.iesalbarregas.com\/wp-content\/uploads\/2024\/11\/3\u00b0C-2-1-768x575.jpg 768w, http:\/\/radioluna.iesalbarregas.com\/wp-content\/uploads\/2024\/11\/3\u00b0C-2-1-1536x1149.jpg 1536w, http:\/\/radioluna.iesalbarregas.com\/wp-content\/uploads\/2024\/11\/3\u00b0C-2-1-401x300.jpg 401w, http:\/\/radioluna.iesalbarregas.com\/wp-content\/uploads\/2024\/11\/3\u00b0C-2-1.jpg 2048w\" sizes=\"(max-width: 1024px) 100vw, 1024px\" \/><\/a><\/figure>\n\n\n\n<figure class=\"wp-block-image size-large\"><a href=\"http:\/\/radioluna.iesalbarregas.com\/wp-content\/uploads\/2024\/11\/3\u00b0C-3-1.jpg\"><img loading=\"lazy\" width=\"1024\" height=\"766\" data-id=\"2312\"  src=\"http:\/\/radioluna.iesalbarregas.com\/wp-content\/uploads\/2024\/11\/3\u00b0C-3-1-1024x766.jpg\" alt=\"\" class=\"wp-image-2312\" srcset=\"http:\/\/radioluna.iesalbarregas.com\/wp-content\/uploads\/2024\/11\/3\u00b0C-3-1-1024x766.jpg 1024w, http:\/\/radioluna.iesalbarregas.com\/wp-content\/uploads\/2024\/11\/3\u00b0C-3-1-300x224.jpg 300w, http:\/\/radioluna.iesalbarregas.com\/wp-content\/uploads\/2024\/11\/3\u00b0C-3-1-768x575.jpg 768w, http:\/\/radioluna.iesalbarregas.com\/wp-content\/uploads\/2024\/11\/3\u00b0C-3-1-1536x1149.jpg 1536w, http:\/\/radioluna.iesalbarregas.com\/wp-content\/uploads\/2024\/11\/3\u00b0C-3-1-401x300.jpg 401w, http:\/\/radioluna.iesalbarregas.com\/wp-content\/uploads\/2024\/11\/3\u00b0C-3-1.jpg 2048w\" sizes=\"(max-width: 1024px) 100vw, 1024px\" \/><\/a><\/figure>\n\n\n\n<figure class=\"wp-block-image size-large\"><a href=\"http:\/\/radioluna.iesalbarregas.com\/wp-content\/uploads\/2024\/11\/3\u00b0C-4-1.jpg\"><img loading=\"lazy\" width=\"1024\" height=\"766\" data-id=\"2311\"  src=\"http:\/\/radioluna.iesalbarregas.com\/wp-content\/uploads\/2024\/11\/3\u00b0C-4-1-1024x766.jpg\" alt=\"\" class=\"wp-image-2311\" srcset=\"http:\/\/radioluna.iesalbarregas.com\/wp-content\/uploads\/2024\/11\/3\u00b0C-4-1-1024x766.jpg 1024w, http:\/\/radioluna.iesalbarregas.com\/wp-content\/uploads\/2024\/11\/3\u00b0C-4-1-300x224.jpg 300w, http:\/\/radioluna.iesalbarregas.com\/wp-content\/uploads\/2024\/11\/3\u00b0C-4-1-768x575.jpg 768w, http:\/\/radioluna.iesalbarregas.com\/wp-content\/uploads\/2024\/11\/3\u00b0C-4-1-1536x1149.jpg 1536w, http:\/\/radioluna.iesalbarregas.com\/wp-content\/uploads\/2024\/11\/3\u00b0C-4-1-401x300.jpg 401w, http:\/\/radioluna.iesalbarregas.com\/wp-content\/uploads\/2024\/11\/3\u00b0C-4-1.jpg 2048w\" sizes=\"(max-width: 1024px) 100vw, 1024px\" \/><\/a><\/figure>\n\n\n\n<figure class=\"wp-block-image size-large\"><a href=\"http:\/\/radioluna.iesalbarregas.com\/wp-content\/uploads\/2024\/11\/3\u00b0C-5-2.jpg\"><img loading=\"lazy\" width=\"1024\" height=\"768\" data-id=\"2315\"  src=\"http:\/\/radioluna.iesalbarregas.com\/wp-content\/uploads\/2024\/11\/3\u00b0C-5-2-1024x768.jpg\" alt=\"\" class=\"wp-image-2315\" srcset=\"http:\/\/radioluna.iesalbarregas.com\/wp-content\/uploads\/2024\/11\/3\u00b0C-5-2-1024x768.jpg 1024w, http:\/\/radioluna.iesalbarregas.com\/wp-content\/uploads\/2024\/11\/3\u00b0C-5-2-300x225.jpg 300w, http:\/\/radioluna.iesalbarregas.com\/wp-content\/uploads\/2024\/11\/3\u00b0C-5-2-768x576.jpg 768w, http:\/\/radioluna.iesalbarregas.com\/wp-content\/uploads\/2024\/11\/3\u00b0C-5-2-1536x1152.jpg 1536w, http:\/\/radioluna.iesalbarregas.com\/wp-content\/uploads\/2024\/11\/3\u00b0C-5-2-400x300.jpg 400w, http:\/\/radioluna.iesalbarregas.com\/wp-content\/uploads\/2024\/11\/3\u00b0C-5-2.jpg 2048w\" sizes=\"(max-width: 1024px) 100vw, 1024px\" \/><\/a><\/figure>\n\n\n\n<figure class=\"wp-block-image size-large\"><a href=\"http:\/\/radioluna.iesalbarregas.com\/wp-content\/uploads\/2024\/11\/3\u00b0C-6-1.jpg\"><img loading=\"lazy\" width=\"1024\" height=\"766\" data-id=\"2313\"  src=\"http:\/\/radioluna.iesalbarregas.com\/wp-content\/uploads\/2024\/11\/3\u00b0C-6-1-1024x766.jpg\" alt=\"\" class=\"wp-image-2313\" srcset=\"http:\/\/radioluna.iesalbarregas.com\/wp-content\/uploads\/2024\/11\/3\u00b0C-6-1-1024x766.jpg 1024w, http:\/\/radioluna.iesalbarregas.com\/wp-content\/uploads\/2024\/11\/3\u00b0C-6-1-300x224.jpg 300w, http:\/\/radioluna.iesalbarregas.com\/wp-content\/uploads\/2024\/11\/3\u00b0C-6-1-768x575.jpg 768w, http:\/\/radioluna.iesalbarregas.com\/wp-content\/uploads\/2024\/11\/3\u00b0C-6-1-1536x1149.jpg 1536w, http:\/\/radioluna.iesalbarregas.com\/wp-content\/uploads\/2024\/11\/3\u00b0C-6-1-401x300.jpg 401w, http:\/\/radioluna.iesalbarregas.com\/wp-content\/uploads\/2024\/11\/3\u00b0C-6-1.jpg 2048w\" sizes=\"(max-width: 1024px) 100vw, 1024px\" \/><\/a><\/figure>\n\n\n\n<figure class=\"wp-block-image size-large\"><a href=\"http:\/\/radioluna.iesalbarregas.com\/wp-content\/uploads\/2024\/11\/3\u00b0C-7-1.jpg\"><img loading=\"lazy\" width=\"1024\" height=\"766\" data-id=\"2314\"  src=\"http:\/\/radioluna.iesalbarregas.com\/wp-content\/uploads\/2024\/11\/3\u00b0C-7-1-1024x766.jpg\" alt=\"\" class=\"wp-image-2314\" srcset=\"http:\/\/radioluna.iesalbarregas.com\/wp-content\/uploads\/2024\/11\/3\u00b0C-7-1-1024x766.jpg 1024w, http:\/\/radioluna.iesalbarregas.com\/wp-content\/uploads\/2024\/11\/3\u00b0C-7-1-300x224.jpg 300w, http:\/\/radioluna.iesalbarregas.com\/wp-content\/uploads\/2024\/11\/3\u00b0C-7-1-768x575.jpg 768w, http:\/\/radioluna.iesalbarregas.com\/wp-content\/uploads\/2024\/11\/3\u00b0C-7-1-1536x1149.jpg 1536w, http:\/\/radioluna.iesalbarregas.com\/wp-content\/uploads\/2024\/11\/3\u00b0C-7-1-401x300.jpg 401w, http:\/\/radioluna.iesalbarregas.com\/wp-content\/uploads\/2024\/11\/3\u00b0C-7-1.jpg 2048w\" sizes=\"(max-width: 1024px) 100vw, 1024px\" \/><\/a><\/figure>\n\n\n\n<figure class=\"wp-block-image size-large\"><a href=\"http:\/\/radioluna.iesalbarregas.com\/wp-content\/uploads\/2024\/11\/3\u00b0C-8-1.jpg\"><img loading=\"lazy\" width=\"1024\" height=\"766\" data-id=\"2317\"  src=\"http:\/\/radioluna.iesalbarregas.com\/wp-content\/uploads\/2024\/11\/3\u00b0C-8-1-1024x766.jpg\" alt=\"\" class=\"wp-image-2317\" srcset=\"http:\/\/radioluna.iesalbarregas.com\/wp-content\/uploads\/2024\/11\/3\u00b0C-8-1-1024x766.jpg 1024w, http:\/\/radioluna.iesalbarregas.com\/wp-content\/uploads\/2024\/11\/3\u00b0C-8-1-300x224.jpg 300w, http:\/\/radioluna.iesalbarregas.com\/wp-content\/uploads\/2024\/11\/3\u00b0C-8-1-768x575.jpg 768w, http:\/\/radioluna.iesalbarregas.com\/wp-content\/uploads\/2024\/11\/3\u00b0C-8-1-1536x1149.jpg 1536w, http:\/\/radioluna.iesalbarregas.com\/wp-content\/uploads\/2024\/11\/3\u00b0C-8-1-401x300.jpg 401w, http:\/\/radioluna.iesalbarregas.com\/wp-content\/uploads\/2024\/11\/3\u00b0C-8-1.jpg 2048w\" sizes=\"(max-width: 1024px) 100vw, 1024px\" \/><\/a><\/figure>\n\n\n\n<figure class=\"wp-block-image size-large\"><a href=\"http:\/\/radioluna.iesalbarregas.com\/wp-content\/uploads\/2024\/11\/3\u00b0C-9-1.jpg\"><img loading=\"lazy\" width=\"1024\" height=\"766\" data-id=\"2316\"  src=\"http:\/\/radioluna.iesalbarregas.com\/wp-content\/uploads\/2024\/11\/3\u00b0C-9-1-1024x766.jpg\" alt=\"\" class=\"wp-image-2316\" srcset=\"http:\/\/radioluna.iesalbarregas.com\/wp-content\/uploads\/2024\/11\/3\u00b0C-9-1-1024x766.jpg 1024w, http:\/\/radioluna.iesalbarregas.com\/wp-content\/uploads\/2024\/11\/3\u00b0C-9-1-300x224.jpg 300w, http:\/\/radioluna.iesalbarregas.com\/wp-content\/uploads\/2024\/11\/3\u00b0C-9-1-768x575.jpg 768w, http:\/\/radioluna.iesalbarregas.com\/wp-content\/uploads\/2024\/11\/3\u00b0C-9-1-1536x1149.jpg 1536w, http:\/\/radioluna.iesalbarregas.com\/wp-content\/uploads\/2024\/11\/3\u00b0C-9-1-401x300.jpg 401w, http:\/\/radioluna.iesalbarregas.com\/wp-content\/uploads\/2024\/11\/3\u00b0C-9-1.jpg 2048w\" sizes=\"(max-width: 1024px) 100vw, 1024px\" \/><\/a><\/figure>\n\n\n\n<figure class=\"wp-block-image size-large\"><a href=\"http:\/\/radioluna.iesalbarregas.com\/wp-content\/uploads\/2024\/11\/3\u00b0C-10-1.jpg\"><img loading=\"lazy\" width=\"1024\" height=\"766\" data-id=\"2318\"  src=\"http:\/\/radioluna.iesalbarregas.com\/wp-content\/uploads\/2024\/11\/3\u00b0C-10-1-1024x766.jpg\" alt=\"\" class=\"wp-image-2318\" srcset=\"http:\/\/radioluna.iesalbarregas.com\/wp-content\/uploads\/2024\/11\/3\u00b0C-10-1-1024x766.jpg 1024w, http:\/\/radioluna.iesalbarregas.com\/wp-content\/uploads\/2024\/11\/3\u00b0C-10-1-300x224.jpg 300w, http:\/\/radioluna.iesalbarregas.com\/wp-content\/uploads\/2024\/11\/3\u00b0C-10-1-768x575.jpg 768w, http:\/\/radioluna.iesalbarregas.com\/wp-content\/uploads\/2024\/11\/3\u00b0C-10-1-1536x1149.jpg 1536w, http:\/\/radioluna.iesalbarregas.com\/wp-content\/uploads\/2024\/11\/3\u00b0C-10-1-401x300.jpg 401w, http:\/\/radioluna.iesalbarregas.com\/wp-content\/uploads\/2024\/11\/3\u00b0C-10-1.jpg 2048w\" sizes=\"(max-width: 1024px) 100vw, 1024px\" \/><\/a><\/figure>\n\n\n\n<figure class=\"wp-block-image size-large\"><a href=\"http:\/\/radioluna.iesalbarregas.com\/wp-content\/uploads\/2024\/11\/3\u00b0C-11-1.jpg\"><img loading=\"lazy\" width=\"1024\" height=\"766\" data-id=\"2319\"  src=\"http:\/\/radioluna.iesalbarregas.com\/wp-content\/uploads\/2024\/11\/3\u00b0C-11-1-1024x766.jpg\" alt=\"\" class=\"wp-image-2319\" srcset=\"http:\/\/radioluna.iesalbarregas.com\/wp-content\/uploads\/2024\/11\/3\u00b0C-11-1-1024x766.jpg 1024w, http:\/\/radioluna.iesalbarregas.com\/wp-content\/uploads\/2024\/11\/3\u00b0C-11-1-300x224.jpg 300w, http:\/\/radioluna.iesalbarregas.com\/wp-content\/uploads\/2024\/11\/3\u00b0C-11-1-768x575.jpg 768w, http:\/\/radioluna.iesalbarregas.com\/wp-content\/uploads\/2024\/11\/3\u00b0C-11-1-1536x1149.jpg 1536w, http:\/\/radioluna.iesalbarregas.com\/wp-content\/uploads\/2024\/11\/3\u00b0C-11-1-401x300.jpg 401w, http:\/\/radioluna.iesalbarregas.com\/wp-content\/uploads\/2024\/11\/3\u00b0C-11-1.jpg 2048w\" sizes=\"(max-width: 1024px) 100vw, 1024px\" \/><\/a><\/figure>\n<\/figure>\n","protected":false},"excerpt":{"rendered":"<p>El alumnado de 1\u00b0ESO B y 3\u00b0 ESO C nos cuenta su experiencia como participantes en el proyecto \u00abDeslizar Extremadura\u00bb, una iniciativa pionera que surge de la colaboraci\u00f3n entre el Museo del Prado y la Fundaci\u00f3n Extreme\u00f1a de la Cultura &hellip; <a href=\"http:\/\/radioluna.iesalbarregas.com\/?p=2296\">Sigue leyendo <span class=\"meta-nav\">&rarr;<\/span><\/a><\/p>\n","protected":false},"author":2,"featured_media":0,"comment_status":"closed","ping_status":"closed","sticky":false,"template":"","format":"standard","meta":[],"categories":[1],"tags":[189,188,166,185],"_links":{"self":[{"href":"http:\/\/radioluna.iesalbarregas.com\/index.php?rest_route=\/wp\/v2\/posts\/2296"}],"collection":[{"href":"http:\/\/radioluna.iesalbarregas.com\/index.php?rest_route=\/wp\/v2\/posts"}],"about":[{"href":"http:\/\/radioluna.iesalbarregas.com\/index.php?rest_route=\/wp\/v2\/types\/post"}],"author":[{"embeddable":true,"href":"http:\/\/radioluna.iesalbarregas.com\/index.php?rest_route=\/wp\/v2\/users\/2"}],"replies":[{"embeddable":true,"href":"http:\/\/radioluna.iesalbarregas.com\/index.php?rest_route=%2Fwp%2Fv2%2Fcomments&post=2296"}],"version-history":[{"count":2,"href":"http:\/\/radioluna.iesalbarregas.com\/index.php?rest_route=\/wp\/v2\/posts\/2296\/revisions"}],"predecessor-version":[{"id":2334,"href":"http:\/\/radioluna.iesalbarregas.com\/index.php?rest_route=\/wp\/v2\/posts\/2296\/revisions\/2334"}],"wp:attachment":[{"href":"http:\/\/radioluna.iesalbarregas.com\/index.php?rest_route=%2Fwp%2Fv2%2Fmedia&parent=2296"}],"wp:term":[{"taxonomy":"category","embeddable":true,"href":"http:\/\/radioluna.iesalbarregas.com\/index.php?rest_route=%2Fwp%2Fv2%2Fcategories&post=2296"},{"taxonomy":"post_tag","embeddable":true,"href":"http:\/\/radioluna.iesalbarregas.com\/index.php?rest_route=%2Fwp%2Fv2%2Ftags&post=2296"}],"curies":[{"name":"wp","href":"https:\/\/api.w.org\/{rel}","templated":true}]}}