{"id":2257,"date":"2024-11-21T13:31:08","date_gmt":"2024-11-21T12:31:08","guid":{"rendered":"http:\/\/radioluna.iesalbarregas.com\/?p=2257"},"modified":"2024-11-21T13:38:00","modified_gmt":"2024-11-21T12:38:00","slug":"radioadi","status":"publish","type":"post","link":"http:\/\/radioluna.iesalbarregas.com\/?p=2257","title":{"rendered":"RADIOADI"},"content":{"rendered":"\n<p><strong><em>\u00a1\u00a1Estrenamos temporada, logo, cabecera y grupo!! Ya est\u00e1n aqu\u00ed los chicos y chicas de ADI1 (CFGS en Asistencia a la Direcci\u00f3n) del IES Albarregas de M\u00e9rida del curso 2024-25. Vienen con ganas de aprender, comunicar y pasarlo bien. Han querido hablar en este primer programa del gran ejemplo que ha dado su generaci\u00f3n ante la cat\u00e1strofe producida en Valencia. Esc\u00fachanos en YouTube:<\/em><\/strong><\/p>\n\n\n\n<p><strong><em>\u00bfQu\u00e9 te ha parecido? <a rel=\"noreferrer noopener\" href=\"https:\/\/www.youtube.com\/hashtag\/iesalbarregas\" target=\"_blank\">#iesalbarregas<\/a> <a rel=\"noreferrer noopener\" href=\"https:\/\/www.youtube.com\/hashtag\/radioadi\" target=\"_blank\">#radioadi<\/a> <a rel=\"noreferrer noopener\" href=\"https:\/\/www.youtube.com\/hashtag\/radioluna\" target=\"_blank\">#radioluna<\/a> <a rel=\"noreferrer noopener\" href=\"https:\/\/www.youtube.com\/hashtag\/radioedu\" target=\"_blank\">#radioedu<\/a> <a rel=\"noreferrer noopener\" href=\"https:\/\/www.youtube.com\/hashtag\/dana\" target=\"_blank\">#dana<\/a> <a rel=\"noreferrer noopener\" href=\"https:\/\/www.youtube.com\/hashtag\/valencia\" target=\"_blank\">#Valencia<\/a> <a rel=\"noreferrer noopener\" href=\"https:\/\/www.youtube.com\/hashtag\/adi\" target=\"_blank\">#adi<\/a> <a rel=\"noreferrer noopener\" href=\"https:\/\/www.youtube.com\/hashtag\/formaci%C3%B3nprofesional\" target=\"_blank\">#formaci\u00f3nprofesional<\/a> <a rel=\"noreferrer noopener\" href=\"https:\/\/www.youtube.com\/hashtag\/m%C3%A9rida\" target=\"_blank\">#M\u00e9rida<\/a> <a rel=\"noreferrer noopener\" href=\"https:\/\/www.youtube.com\/hashtag\/extremadura\" target=\"_blank\">#Extremadura<\/a> <a rel=\"noreferrer noopener\" href=\"https:\/\/www.youtube.com\/hashtag\/comunicaci%C3%B3n\" target=\"_blank\">#comunicaci\u00f3n&nbsp;\u00ab<\/a><\/em><\/strong><\/p>\n\n\n\n<figure class=\"wp-block-embed is-type-video is-provider-youtube wp-block-embed-youtube wp-embed-aspect-16-9 wp-has-aspect-ratio\"><div class=\"wp-block-embed__wrapper\">\n<iframe loading=\"lazy\" title=\"RadioADI - El papel de los j\u00f3venes en la DANA de Valencia\" width=\"584\" height=\"329\" src=\"https:\/\/www.youtube.com\/embed\/KOrMyyeselo?feature=oembed\" frameborder=\"0\" allow=\"accelerometer; autoplay; clipboard-write; encrypted-media; gyroscope; picture-in-picture; web-share\" referrerpolicy=\"strict-origin-when-cross-origin\" allowfullscreen><\/iframe>\n<\/div><\/figure>\n\n\n\n<figure class=\"wp-block-image size-large\"><a href=\"http:\/\/radioluna.iesalbarregas.com\/wp-content\/uploads\/2024\/11\/IMG_0336-scaled.jpeg\"><img loading=\"lazy\" width=\"1024\" height=\"768\" src=\"http:\/\/radioluna.iesalbarregas.com\/wp-content\/uploads\/2024\/11\/IMG_0336-1024x768.jpeg\" alt=\"\" class=\"wp-image-2259\" srcset=\"http:\/\/radioluna.iesalbarregas.com\/wp-content\/uploads\/2024\/11\/IMG_0336-1024x768.jpeg 1024w, http:\/\/radioluna.iesalbarregas.com\/wp-content\/uploads\/2024\/11\/IMG_0336-300x225.jpeg 300w, http:\/\/radioluna.iesalbarregas.com\/wp-content\/uploads\/2024\/11\/IMG_0336-768x576.jpeg 768w, http:\/\/radioluna.iesalbarregas.com\/wp-content\/uploads\/2024\/11\/IMG_0336-1536x1152.jpeg 1536w, http:\/\/radioluna.iesalbarregas.com\/wp-content\/uploads\/2024\/11\/IMG_0336-2048x1536.jpeg 2048w, http:\/\/radioluna.iesalbarregas.com\/wp-content\/uploads\/2024\/11\/IMG_0336-400x300.jpeg 400w\" sizes=\"(max-width: 1024px) 100vw, 1024px\" \/><\/a><\/figure>\n","protected":false},"excerpt":{"rendered":"<p>\u00a1\u00a1Estrenamos temporada, logo, cabecera y grupo!! Ya est\u00e1n aqu\u00ed los chicos y chicas de ADI1 (CFGS en Asistencia a la Direcci\u00f3n) del IES Albarregas de M\u00e9rida del curso 2024-25. Vienen con ganas de aprender, comunicar y pasarlo bien. Han querido &hellip; <a href=\"http:\/\/radioluna.iesalbarregas.com\/?p=2257\">Sigue leyendo <span class=\"meta-nav\">&rarr;<\/span><\/a><\/p>\n","protected":false},"author":2,"featured_media":0,"comment_status":"closed","ping_status":"closed","sticky":false,"template":"","format":"standard","meta":[],"categories":[1],"tags":[168],"_links":{"self":[{"href":"http:\/\/radioluna.iesalbarregas.com\/index.php?rest_route=\/wp\/v2\/posts\/2257"}],"collection":[{"href":"http:\/\/radioluna.iesalbarregas.com\/index.php?rest_route=\/wp\/v2\/posts"}],"about":[{"href":"http:\/\/radioluna.iesalbarregas.com\/index.php?rest_route=\/wp\/v2\/types\/post"}],"author":[{"embeddable":true,"href":"http:\/\/radioluna.iesalbarregas.com\/index.php?rest_route=\/wp\/v2\/users\/2"}],"replies":[{"embeddable":true,"href":"http:\/\/radioluna.iesalbarregas.com\/index.php?rest_route=%2Fwp%2Fv2%2Fcomments&post=2257"}],"version-history":[{"count":2,"href":"http:\/\/radioluna.iesalbarregas.com\/index.php?rest_route=\/wp\/v2\/posts\/2257\/revisions"}],"predecessor-version":[{"id":2260,"href":"http:\/\/radioluna.iesalbarregas.com\/index.php?rest_route=\/wp\/v2\/posts\/2257\/revisions\/2260"}],"wp:attachment":[{"href":"http:\/\/radioluna.iesalbarregas.com\/index.php?rest_route=%2Fwp%2Fv2%2Fmedia&parent=2257"}],"wp:term":[{"taxonomy":"category","embeddable":true,"href":"http:\/\/radioluna.iesalbarregas.com\/index.php?rest_route=%2Fwp%2Fv2%2Fcategories&post=2257"},{"taxonomy":"post_tag","embeddable":true,"href":"http:\/\/radioluna.iesalbarregas.com\/index.php?rest_route=%2Fwp%2Fv2%2Ftags&post=2257"}],"curies":[{"name":"wp","href":"https:\/\/api.w.org\/{rel}","templated":true}]}}