{"id":2215,"date":"2024-10-17T09:42:25","date_gmt":"2024-10-17T08:42:25","guid":{"rendered":"http:\/\/radioluna.iesalbarregas.com\/?p=2215"},"modified":"2024-10-25T10:41:43","modified_gmt":"2024-10-25T09:41:43","slug":"jornada-de-deporte-inclusivo-2","status":"publish","type":"post","link":"http:\/\/radioluna.iesalbarregas.com\/?p=2215","title":{"rendered":"JORNADA DE DEPORTE INCLUSIVO"},"content":{"rendered":"\n<figure class=\"wp-block-audio\"><audio controls src=\"http:\/\/radioluna.iesalbarregas.com\/wp-content\/uploads\/2024\/10\/Objetivo-Extremadura.mp3\"><\/audio><\/figure>\n\n\n\n<p>El pasado martes 15 de octubre, se llev\u00f3 a cabo una jornada de formaci\u00f3n y concienciaci\u00f3n sobre el deporte inclusivo en el IES Albarregas encuadrada dentro del programa educativo DIE (Deporte Inclusivo en la Escuela).<\/p>\n\n\n\n<p>Dicha jornada constaba ,en primer lugar, de una charla que ha impartido como ponente principal Seraf\u00edn Rodr\u00edguez (C\u00e1ceres, 1977), que es un deportista con par\u00e1lisis cerebral que practica Boccia en categor\u00eda BC1. Le han acompa\u00f1ado durante la charla, y toda la jornada, su entrenador y auxiliar deportivo, F\u00e9lix L\u00f3pez y dos monitores \/ t\u00e9cnicos representantes de la Federaci\u00f3n Extreme\u00f1a de Deporte para Personas con Par\u00e1lisis Cerebral (FEXDPC). Tras la charla se han desarrollado diferentes talleres de deporte adaptado.<\/p>\n\n\n\n<p>Para finalizar la jornada, 3 alumnos y 3 alumnas participantes en la jornada, han hecho una entrevista a Seraf\u00edn Rodr\u00edguez y su entrenador, y las consejeras de la Junta de Extremadura Do\u00f1a Victoria Bazaga Gazapo (Consejera de Cultura, Turismo, J\u00f3venes y Deportes) y a Do\u00f1a Mercedes Vaquera Mosquero (Consejera de Educaci\u00f3n, Ciencia y Formaci\u00f3n profesional). Igualmente, se ha entrevistado a Don Federico Ben\u00edtez De Castro (Director del IES Albarregas) Dichas entrevistas se emitieron en streaming a trav\u00e9s de \u201cRadio Luna\u201d y forman parte del programa y proyecto de la Junta de Extremadura \u201cObjetivo Extremadura\u201d, y en ellas se han tratado de manera m\u00e1s cercana y natural temas como la concienciaci\u00f3n sobre la situaci\u00f3n de las personas con discapacidad en la pr\u00e1ctica deportiva, el esp\u00edritu de superaci\u00f3n, esfuerzo y cooperaci\u00f3n, la promoci\u00f3n de la pr\u00e1ctica educativa inclusiva en los centros educativos, los objetivos y propuestas de los diferentes programas y proyectos educativos en Extremadura, y el dar a conocer diferentes deportes adaptados y paral\u00edmpicos a trav\u00e9s de sus vivencias y experiencias personales.<\/p>\n\n\n\n<figure class=\"wp-block-gallery has-nested-images columns-default is-cropped\">\n<figure class=\"wp-block-image size-large\"><a href=\"http:\/\/radioluna.iesalbarregas.com\/wp-content\/uploads\/2024\/10\/IMG_3502-copia-scaled.jpg\"><img loading=\"lazy\" width=\"1024\" height=\"683\" data-id=\"2220\"  src=\"http:\/\/radioluna.iesalbarregas.com\/wp-content\/uploads\/2024\/10\/IMG_3502-copia-1024x683.jpg\" alt=\"\" class=\"wp-image-2220\" srcset=\"http:\/\/radioluna.iesalbarregas.com\/wp-content\/uploads\/2024\/10\/IMG_3502-copia-1024x683.jpg 1024w, http:\/\/radioluna.iesalbarregas.com\/wp-content\/uploads\/2024\/10\/IMG_3502-copia-300x200.jpg 300w, http:\/\/radioluna.iesalbarregas.com\/wp-content\/uploads\/2024\/10\/IMG_3502-copia-768x512.jpg 768w, http:\/\/radioluna.iesalbarregas.com\/wp-content\/uploads\/2024\/10\/IMG_3502-copia-1536x1024.jpg 1536w, http:\/\/radioluna.iesalbarregas.com\/wp-content\/uploads\/2024\/10\/IMG_3502-copia-2048x1365.jpg 2048w, http:\/\/radioluna.iesalbarregas.com\/wp-content\/uploads\/2024\/10\/IMG_3502-copia-450x300.jpg 450w\" sizes=\"(max-width: 1024px) 100vw, 1024px\" \/><\/a><\/figure>\n\n\n\n<figure class=\"wp-block-image size-large\"><a href=\"http:\/\/radioluna.iesalbarregas.com\/wp-content\/uploads\/2024\/10\/IMG_3505-copia-scaled.jpg\"><img loading=\"lazy\" width=\"1024\" height=\"683\" data-id=\"2221\"  src=\"http:\/\/radioluna.iesalbarregas.com\/wp-content\/uploads\/2024\/10\/IMG_3505-copia-1024x683.jpg\" alt=\"\" class=\"wp-image-2221\" srcset=\"http:\/\/radioluna.iesalbarregas.com\/wp-content\/uploads\/2024\/10\/IMG_3505-copia-1024x683.jpg 1024w, http:\/\/radioluna.iesalbarregas.com\/wp-content\/uploads\/2024\/10\/IMG_3505-copia-300x200.jpg 300w, http:\/\/radioluna.iesalbarregas.com\/wp-content\/uploads\/2024\/10\/IMG_3505-copia-768x512.jpg 768w, http:\/\/radioluna.iesalbarregas.com\/wp-content\/uploads\/2024\/10\/IMG_3505-copia-1536x1024.jpg 1536w, http:\/\/radioluna.iesalbarregas.com\/wp-content\/uploads\/2024\/10\/IMG_3505-copia-2048x1365.jpg 2048w, http:\/\/radioluna.iesalbarregas.com\/wp-content\/uploads\/2024\/10\/IMG_3505-copia-450x300.jpg 450w\" sizes=\"(max-width: 1024px) 100vw, 1024px\" \/><\/a><\/figure>\n\n\n\n<figure class=\"wp-block-image size-large\"><a href=\"http:\/\/radioluna.iesalbarregas.com\/wp-content\/uploads\/2024\/10\/IMG_8968-copia-scaled.jpg\"><img loading=\"lazy\" width=\"1024\" height=\"768\" data-id=\"2219\"  src=\"http:\/\/radioluna.iesalbarregas.com\/wp-content\/uploads\/2024\/10\/IMG_8968-copia-1024x768.jpg\" alt=\"\" class=\"wp-image-2219\" srcset=\"http:\/\/radioluna.iesalbarregas.com\/wp-content\/uploads\/2024\/10\/IMG_8968-copia-1024x768.jpg 1024w, http:\/\/radioluna.iesalbarregas.com\/wp-content\/uploads\/2024\/10\/IMG_8968-copia-300x225.jpg 300w, http:\/\/radioluna.iesalbarregas.com\/wp-content\/uploads\/2024\/10\/IMG_8968-copia-768x576.jpg 768w, http:\/\/radioluna.iesalbarregas.com\/wp-content\/uploads\/2024\/10\/IMG_8968-copia-1536x1152.jpg 1536w, http:\/\/radioluna.iesalbarregas.com\/wp-content\/uploads\/2024\/10\/IMG_8968-copia-2048x1536.jpg 2048w, http:\/\/radioluna.iesalbarregas.com\/wp-content\/uploads\/2024\/10\/IMG_8968-copia-400x300.jpg 400w\" sizes=\"(max-width: 1024px) 100vw, 1024px\" \/><\/a><\/figure>\n\n\n\n<figure class=\"wp-block-image size-large\"><a href=\"http:\/\/radioluna.iesalbarregas.com\/wp-content\/uploads\/2024\/10\/IMG_9033-scaled.jpg\"><img loading=\"lazy\" width=\"1024\" height=\"768\" data-id=\"2222\"  src=\"http:\/\/radioluna.iesalbarregas.com\/wp-content\/uploads\/2024\/10\/IMG_9033-1024x768.jpg\" alt=\"\" class=\"wp-image-2222\" srcset=\"http:\/\/radioluna.iesalbarregas.com\/wp-content\/uploads\/2024\/10\/IMG_9033-1024x768.jpg 1024w, http:\/\/radioluna.iesalbarregas.com\/wp-content\/uploads\/2024\/10\/IMG_9033-300x225.jpg 300w, http:\/\/radioluna.iesalbarregas.com\/wp-content\/uploads\/2024\/10\/IMG_9033-768x576.jpg 768w, http:\/\/radioluna.iesalbarregas.com\/wp-content\/uploads\/2024\/10\/IMG_9033-1536x1152.jpg 1536w, http:\/\/radioluna.iesalbarregas.com\/wp-content\/uploads\/2024\/10\/IMG_9033-2048x1536.jpg 2048w, http:\/\/radioluna.iesalbarregas.com\/wp-content\/uploads\/2024\/10\/IMG_9033-400x300.jpg 400w\" sizes=\"(max-width: 1024px) 100vw, 1024px\" \/><\/a><\/figure>\n\n\n\n<figure class=\"wp-block-image size-large\"><a href=\"http:\/\/radioluna.iesalbarregas.com\/wp-content\/uploads\/2024\/10\/IMG_9035-scaled.jpg\"><img loading=\"lazy\" width=\"1024\" height=\"768\" data-id=\"2217\"  src=\"http:\/\/radioluna.iesalbarregas.com\/wp-content\/uploads\/2024\/10\/IMG_9035-1024x768.jpg\" alt=\"\" class=\"wp-image-2217\" srcset=\"http:\/\/radioluna.iesalbarregas.com\/wp-content\/uploads\/2024\/10\/IMG_9035-1024x768.jpg 1024w, http:\/\/radioluna.iesalbarregas.com\/wp-content\/uploads\/2024\/10\/IMG_9035-300x225.jpg 300w, http:\/\/radioluna.iesalbarregas.com\/wp-content\/uploads\/2024\/10\/IMG_9035-768x576.jpg 768w, http:\/\/radioluna.iesalbarregas.com\/wp-content\/uploads\/2024\/10\/IMG_9035-1536x1152.jpg 1536w, http:\/\/radioluna.iesalbarregas.com\/wp-content\/uploads\/2024\/10\/IMG_9035-2048x1536.jpg 2048w, http:\/\/radioluna.iesalbarregas.com\/wp-content\/uploads\/2024\/10\/IMG_9035-400x300.jpg 400w\" sizes=\"(max-width: 1024px) 100vw, 1024px\" \/><\/a><\/figure>\n\n\n\n<figure class=\"wp-block-image size-large\"><a href=\"http:\/\/radioluna.iesalbarregas.com\/wp-content\/uploads\/2024\/10\/IMG_9039-scaled.jpg\"><img loading=\"lazy\" width=\"1024\" height=\"768\" data-id=\"2218\"  src=\"http:\/\/radioluna.iesalbarregas.com\/wp-content\/uploads\/2024\/10\/IMG_9039-1024x768.jpg\" alt=\"\" class=\"wp-image-2218\" srcset=\"http:\/\/radioluna.iesalbarregas.com\/wp-content\/uploads\/2024\/10\/IMG_9039-1024x768.jpg 1024w, http:\/\/radioluna.iesalbarregas.com\/wp-content\/uploads\/2024\/10\/IMG_9039-300x225.jpg 300w, http:\/\/radioluna.iesalbarregas.com\/wp-content\/uploads\/2024\/10\/IMG_9039-768x576.jpg 768w, http:\/\/radioluna.iesalbarregas.com\/wp-content\/uploads\/2024\/10\/IMG_9039-1536x1152.jpg 1536w, http:\/\/radioluna.iesalbarregas.com\/wp-content\/uploads\/2024\/10\/IMG_9039-2048x1536.jpg 2048w, http:\/\/radioluna.iesalbarregas.com\/wp-content\/uploads\/2024\/10\/IMG_9039-400x300.jpg 400w\" sizes=\"(max-width: 1024px) 100vw, 1024px\" \/><\/a><\/figure>\n\n\n\n<figure class=\"wp-block-image size-large\"><a href=\"http:\/\/radioluna.iesalbarregas.com\/wp-content\/uploads\/2024\/10\/IMG_9040-scaled.jpg\"><img loading=\"lazy\" width=\"1024\" height=\"768\" data-id=\"2223\"  src=\"http:\/\/radioluna.iesalbarregas.com\/wp-content\/uploads\/2024\/10\/IMG_9040-1024x768.jpg\" alt=\"\" class=\"wp-image-2223\" srcset=\"http:\/\/radioluna.iesalbarregas.com\/wp-content\/uploads\/2024\/10\/IMG_9040-1024x768.jpg 1024w, http:\/\/radioluna.iesalbarregas.com\/wp-content\/uploads\/2024\/10\/IMG_9040-300x225.jpg 300w, http:\/\/radioluna.iesalbarregas.com\/wp-content\/uploads\/2024\/10\/IMG_9040-768x576.jpg 768w, http:\/\/radioluna.iesalbarregas.com\/wp-content\/uploads\/2024\/10\/IMG_9040-1536x1152.jpg 1536w, http:\/\/radioluna.iesalbarregas.com\/wp-content\/uploads\/2024\/10\/IMG_9040-2048x1536.jpg 2048w, http:\/\/radioluna.iesalbarregas.com\/wp-content\/uploads\/2024\/10\/IMG_9040-400x300.jpg 400w\" sizes=\"(max-width: 1024px) 100vw, 1024px\" \/><\/a><\/figure>\n\n\n\n<figure class=\"wp-block-image size-large\"><a href=\"http:\/\/radioluna.iesalbarregas.com\/wp-content\/uploads\/2024\/10\/IMG_3453-scaled.jpg\"><img loading=\"lazy\" width=\"1024\" height=\"683\" data-id=\"2224\"  src=\"http:\/\/radioluna.iesalbarregas.com\/wp-content\/uploads\/2024\/10\/IMG_3453-1024x683.jpg\" alt=\"\" class=\"wp-image-2224\" srcset=\"http:\/\/radioluna.iesalbarregas.com\/wp-content\/uploads\/2024\/10\/IMG_3453-1024x683.jpg 1024w, http:\/\/radioluna.iesalbarregas.com\/wp-content\/uploads\/2024\/10\/IMG_3453-300x200.jpg 300w, http:\/\/radioluna.iesalbarregas.com\/wp-content\/uploads\/2024\/10\/IMG_3453-768x512.jpg 768w, http:\/\/radioluna.iesalbarregas.com\/wp-content\/uploads\/2024\/10\/IMG_3453-1536x1024.jpg 1536w, http:\/\/radioluna.iesalbarregas.com\/wp-content\/uploads\/2024\/10\/IMG_3453-2048x1365.jpg 2048w, http:\/\/radioluna.iesalbarregas.com\/wp-content\/uploads\/2024\/10\/IMG_3453-450x300.jpg 450w\" sizes=\"(max-width: 1024px) 100vw, 1024px\" \/><\/a><\/figure>\n<\/figure>\n","protected":false},"excerpt":{"rendered":"<p>El pasado martes 15 de octubre, se llev\u00f3 a cabo una jornada de formaci\u00f3n y concienciaci\u00f3n sobre el deporte inclusivo en el IES Albarregas encuadrada dentro del programa educativo DIE (Deporte Inclusivo en la Escuela). Dicha jornada constaba ,en primer &hellip; <a href=\"http:\/\/radioluna.iesalbarregas.com\/?p=2215\">Sigue leyendo <span class=\"meta-nav\">&rarr;<\/span><\/a><\/p>\n","protected":false},"author":2,"featured_media":0,"comment_status":"closed","ping_status":"closed","sticky":false,"template":"","format":"standard","meta":[],"categories":[1],"tags":[184,165,166,169],"_links":{"self":[{"href":"http:\/\/radioluna.iesalbarregas.com\/index.php?rest_route=\/wp\/v2\/posts\/2215"}],"collection":[{"href":"http:\/\/radioluna.iesalbarregas.com\/index.php?rest_route=\/wp\/v2\/posts"}],"about":[{"href":"http:\/\/radioluna.iesalbarregas.com\/index.php?rest_route=\/wp\/v2\/types\/post"}],"author":[{"embeddable":true,"href":"http:\/\/radioluna.iesalbarregas.com\/index.php?rest_route=\/wp\/v2\/users\/2"}],"replies":[{"embeddable":true,"href":"http:\/\/radioluna.iesalbarregas.com\/index.php?rest_route=%2Fwp%2Fv2%2Fcomments&post=2215"}],"version-history":[{"count":2,"href":"http:\/\/radioluna.iesalbarregas.com\/index.php?rest_route=\/wp\/v2\/posts\/2215\/revisions"}],"predecessor-version":[{"id":2246,"href":"http:\/\/radioluna.iesalbarregas.com\/index.php?rest_route=\/wp\/v2\/posts\/2215\/revisions\/2246"}],"wp:attachment":[{"href":"http:\/\/radioluna.iesalbarregas.com\/index.php?rest_route=%2Fwp%2Fv2%2Fmedia&parent=2215"}],"wp:term":[{"taxonomy":"category","embeddable":true,"href":"http:\/\/radioluna.iesalbarregas.com\/index.php?rest_route=%2Fwp%2Fv2%2Fcategories&post=2215"},{"taxonomy":"post_tag","embeddable":true,"href":"http:\/\/radioluna.iesalbarregas.com\/index.php?rest_route=%2Fwp%2Fv2%2Ftags&post=2215"}],"curies":[{"name":"wp","href":"https:\/\/api.w.org\/{rel}","templated":true}]}}