{"id":2206,"date":"2024-06-24T09:13:52","date_gmt":"2024-06-24T08:13:52","guid":{"rendered":"http:\/\/radioluna.iesalbarregas.com\/?p=2206"},"modified":"2024-06-24T09:13:52","modified_gmt":"2024-06-24T08:13:52","slug":"entrevistas","status":"publish","type":"post","link":"http:\/\/radioluna.iesalbarregas.com\/?p=2206","title":{"rendered":"ENTREVISTAS"},"content":{"rendered":"\n<h4><strong>Entrevista con Meia Le\u00f3n Vilches &#8211; Escalada<\/strong><\/h4>\n\n\n\n<p>En esta entrevista, <strong>Meia Le\u00f3n Vilches de 4\u00ba ESO<\/strong> nos habla sobre su pasi\u00f3n por la escalada. Meia dedica varias horas a la semana a este deporte, combinando entrenamiento en roc\u00f3dromos y escalada en roca al aire libre. Nos contar\u00e1 c\u00f3mo la escalada le ha aportado muchas cosas. La entrevista ha sido realizada por su compa\u00f1ero Miguel Blanco Dur\u00e1n, quien nos ayuda a entender las ventajas y el entusiasmo de Meia por este deporte desafiante.<\/p>\n\n\n\n<figure class=\"wp-block-audio\"><audio controls src=\"http:\/\/radioluna.iesalbarregas.com\/wp-content\/uploads\/2024\/06\/Escalada.mp3\"><\/audio><\/figure>\n\n\n\n<h4><strong>Entrevista con Daniela Monta\u00f1o y Daniela Lavado &#8211; Voleibol<\/strong><\/h4>\n\n\n\n<p>En esta entrevista, las alumnas<strong> Daniela Monta\u00f1o y Daniela Lavado de 4\u00baESO<\/strong> comparten su amor por el voleibol. Comenzaron a practicar este deporte en el colegio y r\u00e1pidamente se enamoraron de \u00e9l. Daniela y Daniela destacan c\u00f3mo el voleibol les ha permitido desarrollar habilidades de trabajo en equipo y comunicaci\u00f3n, adem\u00e1s de mantener una excelente forma f\u00edsica. Incluso en verano, no dejan de jugar, participando en torneos de voley playa. La entrevista, realizada por Alberto Mangas Hern\u00e1ndez.<\/p>\n\n\n\n<figure class=\"wp-block-audio\"><audio controls src=\"http:\/\/radioluna.iesalbarregas.com\/wp-content\/uploads\/2024\/06\/Voley.mp3\"><\/audio><\/figure>\n\n\n\n<p><strong>Entrevista con Candela P\u00e9rez de Pe\u00f1a &#8211; Atletismo<\/strong><\/p>\n\n\n\n<p>En esta entrevista, <strong>Candela P\u00e9rez de Pe\u00f1a, de 4\u00ba ESO<\/strong>, nos cuenta su experiencia como atleta internacional. Candela ha dedicado muchos a\u00f1os al atletismo, especializ\u00e1ndose en pruebas de resistencia. Su esfuerzo y dedicaci\u00f3n la han llevado a ser seleccionada para competir a nivel internacional, un logro que destaca como uno de sus mayores orgullos. Candela habla sobre la disciplina y la constancia que requiere el atletismo. Esta entrevista, realizada por su compa\u00f1ero \u00c1ngel Mora Carrasco, nos da una visi\u00f3n inspiradora del sacrificio y la recompensa en el deporte de alto rendimiento.<\/p>\n\n\n\n<figure class=\"wp-block-audio\"><audio controls src=\"http:\/\/radioluna.iesalbarregas.com\/wp-content\/uploads\/2024\/06\/Entrevista-Candela-Perez.mp3\"><\/audio><\/figure>\n\n\n\n<figure class=\"wp-block-gallery has-nested-images columns-default is-cropped\">\n<figure class=\"wp-block-image size-large\"><a href=\"http:\/\/radioluna.iesalbarregas.com\/wp-content\/uploads\/2024\/06\/IMG20240619113744-scaled.jpg\"><img loading=\"lazy\" width=\"1024\" height=\"771\" data-id=\"2211\"  src=\"http:\/\/radioluna.iesalbarregas.com\/wp-content\/uploads\/2024\/06\/IMG20240619113744-1024x771.jpg\" alt=\"\" class=\"wp-image-2211\" srcset=\"http:\/\/radioluna.iesalbarregas.com\/wp-content\/uploads\/2024\/06\/IMG20240619113744-1024x771.jpg 1024w, http:\/\/radioluna.iesalbarregas.com\/wp-content\/uploads\/2024\/06\/IMG20240619113744-300x226.jpg 300w, http:\/\/radioluna.iesalbarregas.com\/wp-content\/uploads\/2024\/06\/IMG20240619113744-768x578.jpg 768w, http:\/\/radioluna.iesalbarregas.com\/wp-content\/uploads\/2024\/06\/IMG20240619113744-1536x1157.jpg 1536w, http:\/\/radioluna.iesalbarregas.com\/wp-content\/uploads\/2024\/06\/IMG20240619113744-2048x1542.jpg 2048w, http:\/\/radioluna.iesalbarregas.com\/wp-content\/uploads\/2024\/06\/IMG20240619113744-398x300.jpg 398w\" sizes=\"(max-width: 1024px) 100vw, 1024px\" \/><\/a><\/figure>\n\n\n\n<figure class=\"wp-block-image size-large\"><a href=\"http:\/\/radioluna.iesalbarregas.com\/wp-content\/uploads\/2024\/06\/IMG20240619113950-scaled.jpg\"><img loading=\"lazy\" width=\"1024\" height=\"771\" data-id=\"2213\"  src=\"http:\/\/radioluna.iesalbarregas.com\/wp-content\/uploads\/2024\/06\/IMG20240619113950-1024x771.jpg\" alt=\"\" class=\"wp-image-2213\" srcset=\"http:\/\/radioluna.iesalbarregas.com\/wp-content\/uploads\/2024\/06\/IMG20240619113950-1024x771.jpg 1024w, http:\/\/radioluna.iesalbarregas.com\/wp-content\/uploads\/2024\/06\/IMG20240619113950-300x226.jpg 300w, http:\/\/radioluna.iesalbarregas.com\/wp-content\/uploads\/2024\/06\/IMG20240619113950-768x578.jpg 768w, http:\/\/radioluna.iesalbarregas.com\/wp-content\/uploads\/2024\/06\/IMG20240619113950-1536x1157.jpg 1536w, http:\/\/radioluna.iesalbarregas.com\/wp-content\/uploads\/2024\/06\/IMG20240619113950-2048x1542.jpg 2048w, http:\/\/radioluna.iesalbarregas.com\/wp-content\/uploads\/2024\/06\/IMG20240619113950-398x300.jpg 398w\" sizes=\"(max-width: 1024px) 100vw, 1024px\" \/><\/a><\/figure>\n\n\n\n<figure class=\"wp-block-image size-large\"><a href=\"http:\/\/radioluna.iesalbarregas.com\/wp-content\/uploads\/2024\/06\/IMG20240619112931-scaled.jpg\"><img loading=\"lazy\" width=\"1024\" height=\"771\" data-id=\"2212\"  src=\"http:\/\/radioluna.iesalbarregas.com\/wp-content\/uploads\/2024\/06\/IMG20240619112931-1024x771.jpg\" alt=\"\" class=\"wp-image-2212\" srcset=\"http:\/\/radioluna.iesalbarregas.com\/wp-content\/uploads\/2024\/06\/IMG20240619112931-1024x771.jpg 1024w, http:\/\/radioluna.iesalbarregas.com\/wp-content\/uploads\/2024\/06\/IMG20240619112931-300x226.jpg 300w, http:\/\/radioluna.iesalbarregas.com\/wp-content\/uploads\/2024\/06\/IMG20240619112931-768x578.jpg 768w, http:\/\/radioluna.iesalbarregas.com\/wp-content\/uploads\/2024\/06\/IMG20240619112931-1536x1157.jpg 1536w, http:\/\/radioluna.iesalbarregas.com\/wp-content\/uploads\/2024\/06\/IMG20240619112931-2048x1542.jpg 2048w, http:\/\/radioluna.iesalbarregas.com\/wp-content\/uploads\/2024\/06\/IMG20240619112931-398x300.jpg 398w\" sizes=\"(max-width: 1024px) 100vw, 1024px\" \/><\/a><\/figure>\n\n\n\n<figure class=\"wp-block-image size-large\"><a href=\"http:\/\/radioluna.iesalbarregas.com\/wp-content\/uploads\/2024\/06\/Screenshot_2024-06-19-17-29-59-49_99c04817c0de5652397fc8b56c3b3817.jpg\"><img loading=\"lazy\" width=\"1024\" height=\"457\" data-id=\"2210\"  src=\"http:\/\/radioluna.iesalbarregas.com\/wp-content\/uploads\/2024\/06\/Screenshot_2024-06-19-17-29-59-49_99c04817c0de5652397fc8b56c3b3817-1024x457.jpg\" alt=\"\" class=\"wp-image-2210\" srcset=\"http:\/\/radioluna.iesalbarregas.com\/wp-content\/uploads\/2024\/06\/Screenshot_2024-06-19-17-29-59-49_99c04817c0de5652397fc8b56c3b3817-1024x457.jpg 1024w, http:\/\/radioluna.iesalbarregas.com\/wp-content\/uploads\/2024\/06\/Screenshot_2024-06-19-17-29-59-49_99c04817c0de5652397fc8b56c3b3817-300x134.jpg 300w, http:\/\/radioluna.iesalbarregas.com\/wp-content\/uploads\/2024\/06\/Screenshot_2024-06-19-17-29-59-49_99c04817c0de5652397fc8b56c3b3817-768x343.jpg 768w, http:\/\/radioluna.iesalbarregas.com\/wp-content\/uploads\/2024\/06\/Screenshot_2024-06-19-17-29-59-49_99c04817c0de5652397fc8b56c3b3817-1536x686.jpg 1536w, http:\/\/radioluna.iesalbarregas.com\/wp-content\/uploads\/2024\/06\/Screenshot_2024-06-19-17-29-59-49_99c04817c0de5652397fc8b56c3b3817-500x223.jpg 500w, http:\/\/radioluna.iesalbarregas.com\/wp-content\/uploads\/2024\/06\/Screenshot_2024-06-19-17-29-59-49_99c04817c0de5652397fc8b56c3b3817.jpg 1612w\" sizes=\"(max-width: 1024px) 100vw, 1024px\" \/><\/a><\/figure>\n<\/figure>\n","protected":false},"excerpt":{"rendered":"<p>Entrevista con Meia Le\u00f3n Vilches &#8211; Escalada En esta entrevista, Meia Le\u00f3n Vilches de 4\u00ba ESO nos habla sobre su pasi\u00f3n por la escalada. Meia dedica varias horas a la semana a este deporte, combinando entrenamiento en roc\u00f3dromos y escalada &hellip; <a href=\"http:\/\/radioluna.iesalbarregas.com\/?p=2206\">Sigue leyendo <span class=\"meta-nav\">&rarr;<\/span><\/a><\/p>\n","protected":false},"author":2,"featured_media":0,"comment_status":"closed","ping_status":"closed","sticky":false,"template":"","format":"standard","meta":[],"categories":[9],"tags":[164,146],"_links":{"self":[{"href":"http:\/\/radioluna.iesalbarregas.com\/index.php?rest_route=\/wp\/v2\/posts\/2206"}],"collection":[{"href":"http:\/\/radioluna.iesalbarregas.com\/index.php?rest_route=\/wp\/v2\/posts"}],"about":[{"href":"http:\/\/radioluna.iesalbarregas.com\/index.php?rest_route=\/wp\/v2\/types\/post"}],"author":[{"embeddable":true,"href":"http:\/\/radioluna.iesalbarregas.com\/index.php?rest_route=\/wp\/v2\/users\/2"}],"replies":[{"embeddable":true,"href":"http:\/\/radioluna.iesalbarregas.com\/index.php?rest_route=%2Fwp%2Fv2%2Fcomments&post=2206"}],"version-history":[{"count":1,"href":"http:\/\/radioluna.iesalbarregas.com\/index.php?rest_route=\/wp\/v2\/posts\/2206\/revisions"}],"predecessor-version":[{"id":2214,"href":"http:\/\/radioluna.iesalbarregas.com\/index.php?rest_route=\/wp\/v2\/posts\/2206\/revisions\/2214"}],"wp:attachment":[{"href":"http:\/\/radioluna.iesalbarregas.com\/index.php?rest_route=%2Fwp%2Fv2%2Fmedia&parent=2206"}],"wp:term":[{"taxonomy":"category","embeddable":true,"href":"http:\/\/radioluna.iesalbarregas.com\/index.php?rest_route=%2Fwp%2Fv2%2Fcategories&post=2206"},{"taxonomy":"post_tag","embeddable":true,"href":"http:\/\/radioluna.iesalbarregas.com\/index.php?rest_route=%2Fwp%2Fv2%2Ftags&post=2206"}],"curies":[{"name":"wp","href":"https:\/\/api.w.org\/{rel}","templated":true}]}}