{"id":2202,"date":"2024-06-05T13:30:36","date_gmt":"2024-06-05T12:30:36","guid":{"rendered":"http:\/\/radioluna.iesalbarregas.com\/?p=2202"},"modified":"2024-06-05T13:30:36","modified_gmt":"2024-06-05T12:30:36","slug":"tiktok-videojuegos-y-futuro","status":"publish","type":"post","link":"http:\/\/radioluna.iesalbarregas.com\/?p=2202","title":{"rendered":"TIKTOK, VIDEOJUEGOS Y FUTURO"},"content":{"rendered":"\n<figure class=\"wp-block-audio\"><audio controls src=\"http:\/\/radioluna.iesalbarregas.com\/wp-content\/uploads\/2024\/06\/2oE-RRSS-y-Videojuegos.mp3\"><\/audio><\/figure>\n\n\n\n<p id=\"m_-655257417065547920gmail-docs-internal-guid-3396676e-7fff-b327-5b5a-dc97efe5eb3e\">Este programa de \u00abRadio Luna\u00bb es un espacio que hemos creado desde 2\u00ba ESO E pasando por el Aula Abanico para acercarnos a la comunicaci\u00f3n y el aprendizaje. Aqu\u00ed estamos comprometidos con la juventud, especialmente con aquellos que enfrentan desaf\u00edos diarios en su entorno. Este programa es una herramienta did\u00e1ctica que utilizamos para darles a nuestros estudiantes una plataforma donde puedan expresarse libremente, explorar sus talentos y, lo m\u00e1s importante, ser escuchados. En \u00abRadio Luna\u00bb creemos que cada joven tiene una historia que contar y que su voz puede hacer una diferencia.<\/p>\n\n\n\n<p>Hoy tenemos tres secciones en las que se compartir\u00e1n las experiencias sobre temas como tiktok, con Pepe, Santi y Aitor; la adicci\u00f3n a los videojuegos con Yerai y Aitor y el futuro y la forma de ganarse la vida con Yanira, Paco y David.<\/p>\n\n\n\n<p>Enhorabuena por gran trabajo realizado.<\/p>\n\n\n\n<figure class=\"wp-block-image size-large\"><a href=\"http:\/\/radioluna.iesalbarregas.com\/wp-content\/uploads\/2024\/06\/1717503140394-scaled.jpg\"><img loading=\"lazy\" width=\"1024\" height=\"766\" src=\"http:\/\/radioluna.iesalbarregas.com\/wp-content\/uploads\/2024\/06\/1717503140394-1024x766.jpg\" alt=\"\" class=\"wp-image-2204\" srcset=\"http:\/\/radioluna.iesalbarregas.com\/wp-content\/uploads\/2024\/06\/1717503140394-1024x766.jpg 1024w, http:\/\/radioluna.iesalbarregas.com\/wp-content\/uploads\/2024\/06\/1717503140394-300x225.jpg 300w, http:\/\/radioluna.iesalbarregas.com\/wp-content\/uploads\/2024\/06\/1717503140394-768x575.jpg 768w, http:\/\/radioluna.iesalbarregas.com\/wp-content\/uploads\/2024\/06\/1717503140394-1536x1150.jpg 1536w, http:\/\/radioluna.iesalbarregas.com\/wp-content\/uploads\/2024\/06\/1717503140394-2048x1533.jpg 2048w, http:\/\/radioluna.iesalbarregas.com\/wp-content\/uploads\/2024\/06\/1717503140394-401x300.jpg 401w\" sizes=\"(max-width: 1024px) 100vw, 1024px\" \/><\/a><\/figure>\n","protected":false},"excerpt":{"rendered":"<p>Este programa de \u00abRadio Luna\u00bb es un espacio que hemos creado desde 2\u00ba ESO E pasando por el Aula Abanico para acercarnos a la comunicaci\u00f3n y el aprendizaje. Aqu\u00ed estamos comprometidos con la juventud, especialmente con aquellos que enfrentan desaf\u00edos &hellip; <a href=\"http:\/\/radioluna.iesalbarregas.com\/?p=2202\">Sigue leyendo <span class=\"meta-nav\">&rarr;<\/span><\/a><\/p>\n","protected":false},"author":2,"featured_media":0,"comment_status":"closed","ping_status":"closed","sticky":false,"template":"","format":"standard","meta":[],"categories":[9],"tags":[151,146],"_links":{"self":[{"href":"http:\/\/radioluna.iesalbarregas.com\/index.php?rest_route=\/wp\/v2\/posts\/2202"}],"collection":[{"href":"http:\/\/radioluna.iesalbarregas.com\/index.php?rest_route=\/wp\/v2\/posts"}],"about":[{"href":"http:\/\/radioluna.iesalbarregas.com\/index.php?rest_route=\/wp\/v2\/types\/post"}],"author":[{"embeddable":true,"href":"http:\/\/radioluna.iesalbarregas.com\/index.php?rest_route=\/wp\/v2\/users\/2"}],"replies":[{"embeddable":true,"href":"http:\/\/radioluna.iesalbarregas.com\/index.php?rest_route=%2Fwp%2Fv2%2Fcomments&post=2202"}],"version-history":[{"count":1,"href":"http:\/\/radioluna.iesalbarregas.com\/index.php?rest_route=\/wp\/v2\/posts\/2202\/revisions"}],"predecessor-version":[{"id":2205,"href":"http:\/\/radioluna.iesalbarregas.com\/index.php?rest_route=\/wp\/v2\/posts\/2202\/revisions\/2205"}],"wp:attachment":[{"href":"http:\/\/radioluna.iesalbarregas.com\/index.php?rest_route=%2Fwp%2Fv2%2Fmedia&parent=2202"}],"wp:term":[{"taxonomy":"category","embeddable":true,"href":"http:\/\/radioluna.iesalbarregas.com\/index.php?rest_route=%2Fwp%2Fv2%2Fcategories&post=2202"},{"taxonomy":"post_tag","embeddable":true,"href":"http:\/\/radioluna.iesalbarregas.com\/index.php?rest_route=%2Fwp%2Fv2%2Ftags&post=2202"}],"curies":[{"name":"wp","href":"https:\/\/api.w.org\/{rel}","templated":true}]}}