{"id":220,"date":"2018-11-30T02:09:22","date_gmt":"2018-11-30T01:09:22","guid":{"rendered":"http:\/\/radioluna.iesalbarregas.com\/?p=220"},"modified":"2020-04-05T12:30:29","modified_gmt":"2020-04-05T11:30:29","slug":"estamos-vivos","status":"publish","type":"post","link":"http:\/\/radioluna.iesalbarregas.com\/?p=220","title":{"rendered":"\u00a1Estamos vivos!"},"content":{"rendered":"<p style=\"text-align: justify;\">Y seguimos con manteniendo con ilusi\u00f3n RadioLuna. Para arrancar el nuevo curso, \u00a1con equipo humano renovado! empezamos con un reportaje.<\/p>\n<p style=\"text-align: justify;\">Gran parte del nuevo equipo de RadioLuna trabaja con metodolog\u00eda basada en proyectos; por eso, y aprovechando una convivencia de alumnos del grupo CREA, al que pertenece el Albarregas, hicimos este reportaje sobre c\u00f3mo es trabajar por proyectos y en qu\u00e9 consisti\u00f3 la convivencia, celebrada en Jarandilla el 28 de mayo. La podemos ver en la secci\u00f3n \u00ab<a href=\"http:\/\/radioluna.iesalbarregas.com\/?page_id=60\"><span style=\"color: #ff6600;\"><em><strong>M\u00e1s cosa<\/strong><\/em><em><strong>s<\/strong><\/em><\/span><\/a>\u00ab.<\/p>\n","protected":false},"excerpt":{"rendered":"<p>Y seguimos con manteniendo con ilusi\u00f3n RadioLuna. Para arrancar el nuevo curso, \u00a1con equipo humano renovado! empezamos con un reportaje. Gran parte del nuevo equipo de RadioLuna trabaja con metodolog\u00eda basada en proyectos; por eso, y aprovechando una convivencia de &hellip; <a href=\"http:\/\/radioluna.iesalbarregas.com\/?p=220\">Sigue leyendo <span class=\"meta-nav\">&rarr;<\/span><\/a><\/p>\n","protected":false},"author":1,"featured_media":0,"comment_status":"open","ping_status":"open","sticky":false,"template":"","format":"standard","meta":[],"categories":[44],"tags":[4],"_links":{"self":[{"href":"http:\/\/radioluna.iesalbarregas.com\/index.php?rest_route=\/wp\/v2\/posts\/220"}],"collection":[{"href":"http:\/\/radioluna.iesalbarregas.com\/index.php?rest_route=\/wp\/v2\/posts"}],"about":[{"href":"http:\/\/radioluna.iesalbarregas.com\/index.php?rest_route=\/wp\/v2\/types\/post"}],"author":[{"embeddable":true,"href":"http:\/\/radioluna.iesalbarregas.com\/index.php?rest_route=\/wp\/v2\/users\/1"}],"replies":[{"embeddable":true,"href":"http:\/\/radioluna.iesalbarregas.com\/index.php?rest_route=%2Fwp%2Fv2%2Fcomments&post=220"}],"version-history":[{"count":3,"href":"http:\/\/radioluna.iesalbarregas.com\/index.php?rest_route=\/wp\/v2\/posts\/220\/revisions"}],"predecessor-version":[{"id":244,"href":"http:\/\/radioluna.iesalbarregas.com\/index.php?rest_route=\/wp\/v2\/posts\/220\/revisions\/244"}],"wp:attachment":[{"href":"http:\/\/radioluna.iesalbarregas.com\/index.php?rest_route=%2Fwp%2Fv2%2Fmedia&parent=220"}],"wp:term":[{"taxonomy":"category","embeddable":true,"href":"http:\/\/radioluna.iesalbarregas.com\/index.php?rest_route=%2Fwp%2Fv2%2Fcategories&post=220"},{"taxonomy":"post_tag","embeddable":true,"href":"http:\/\/radioluna.iesalbarregas.com\/index.php?rest_route=%2Fwp%2Fv2%2Ftags&post=220"}],"curies":[{"name":"wp","href":"https:\/\/api.w.org\/{rel}","templated":true}]}}